{"id":119652,"date":"2024-11-02T10:32:21","date_gmt":"2024-11-02T05:32:21","guid":{"rendered":"https:\/\/zamanturkmenistan.com.tm\/?p=119652"},"modified":"2024-11-02T10:32:21","modified_gmt":"2024-11-02T05:32:21","slug":"guwlyduz-kombinatynyn-caginde-taze-onumhana-gurlar","status":"publish","type":"post","link":"https:\/\/zamanturkmenistan.com.tm\/?p=119652","title":{"rendered":"\u00abGuw\u00adly\u00adduz\u00bb kom\u00adbi\u00adna\u00adty\u00adny\u0148 \u00e7\u00e4\u00adgin\u00adde t\u00e4\u00adze \u00f6n\u00fcm\u00adha\u00adna gur\u00adlar"},"content":{"rendered":"<p>1-nji no\u00ad\u00fdabr\u00adda ge\u00ad\u00e7i\u00adri\u00adlen san\u00adly ul\u00adgam ar\u00adka\u00adly Mi\u00adnistr\u00adler Ka\u00adbi\u00adne\u00adti\u00adni\u0148 mej\u00adli\u00adsin\u00adde Mi\u00adnistr\u00adler Ka\u00adbi\u00adne\u00adti\u00adni\u0148 Ba\u015f\u00adly\u00adgy\u00adny\u0148 orun\u00adba\u00adsa\u00adry B.An\u00adna\u00adm\u00e4m\u00adme\u00addow \u00abT\u00fcrk\u00admen\u00adhi\u00admi\u00ad\u00fda\u00bb d\u00f6w\u00adlet kon\u00adser\u00adni ta\u00adra\u00adpyn\u00addan \u00fder\u00adli \u00e7ig ma\u00adly ne\u00adti\u00adje\u00adli pe\u00fd\u00adda\u00adlan\u00admak, \u00abGuw\u00adly\u00adduz\u00bb kom\u00adbi\u00adna\u00adty\u00adny\u0148 \u00f6n\u00fcm\u00ad\u00e7i\u00adli\u00adgi\u00adni gi\u00ad\u0148elt\u00admek bo\u00ad\u00fdun\u00ad\u00e7a ge\u00ad\u00e7i\u00adril\u00ad\u00fd\u00e4n i\u015f\u00adler ba\u00adra\u00adda ha\u00adsa\u00adbat ber\u00addi. Bel\u00adle\u00adni\u00adli\u00ad\u015fi \u00fda\u00adly, d\u00fcn\u00ad\u00fd\u00e4 ba\u00adzar\u00adla\u00adryn\u00adda uly is\u00adleg bil\u00addi\u00adril\u00ad\u00fd\u00e4n hem-de b\u00e4s\u00adde\u015f\u00adli\u00adge ukyp\u00adly duz\u00adla\u00adry\u0148 d\u00fcr\u00adli g\u00f6r\u00adn\u00fc\u015f\u00adle\u00adri\u00adni \u00e7y\u00adkar\u00admak bo\u00ad\u00fdun\u00ad\u00e7a d\u00f6w\u00adre\u00adbap \u00f6n\u00fcm\u00ad\u00e7i\u00adlik\u00adle\u00adri \u00fdo\u00adla go\u00fd\u00admak, gel\u00adjek\u00adde \u00abAr\u00adka\u00addag Me\u00addi\u00adsi\u00adna Klas\u00adte\u00adri Me\u00adnej\u00adment\u00bb k\u00e4r\u00adha\u00adna\u00adsyn\u00adda \u00fder\u00adli \u00e7ig mal\u00addan hal\u00adka\u00adra ta\u00adlap\u00adla\u00adra la\u00ad\u00fdyk gel\u00ad\u00fd\u00e4n, luk\u00adman\u00ad\u00e7y\u00adlyk du\u00adzu\u00adny \u00f6n\u00add\u00fcr\u00admek\u00adde ze\u00adrur bo\u00adlan \u00e7ig mal\u00adla\u00adry \u00f6n\u00add\u00fcr\u00admek \u00fc\u00e7in ony eko\u00adlo\u00adgik ta\u00fd\u00addan aras\u00adsa, \u00fdo\u00adka\u00adry hil\u00adli duz bi\u00adlen \u00fcp\u00adj\u00fcn et\u00admek ze\u00adrur bo\u00adlup dur\u00ad\u00fdar. \u015eu\u00adnu\u0148 bi\u00adlen bag\u00adly\u00adlyk\u00adda, d\u00f6w\u00adlet Ba\u015f\u00adtu\u00adta\u00adny\u00admy\u00adzy\u0148 ga\u00adra\u00adma\u00adgy\u00adna de\u00adgi\u015f\u00adli tek\u00adlip h\u00f6\u00add\u00fcr\u00adle\u00adnil\u00addi.<br \/>\nHor\u00admat\u00adly Pre\u00adzi\u00adden\u00adti\u00admiz ha\u00adsa\u00adba\u00adty di\u0148\u00adl\u00e4p, d\u00fcn\u00ad\u00fd\u00e4 ba\u00adzar\u00adla\u00adryn\u00adda uly is\u00adleg\u00adden pe\u00fd\u00adda\u00adlan\u00ad\u00fdan, eko\u00adlo\u00adgik ta\u00fd\u00addan aras\u00adsa \u00fdo\u00adka\u00adry hil\u00adli duz\u00adla\u00adry\u0148 d\u00fcr\u00adli g\u00f6r\u00adn\u00fc\u015f\u00adle\u00adri\u00adni \u00f6n\u00add\u00fcr\u00admek \u00fc\u00e7in d\u00f6w\u00adre\u00adbap \u00f6n\u00fcm\u00ad\u00e7i\u00adlik\u00adle\u00adri \u00fdo\u00adla go\u00fd\u00adma\u00adgy do\u00adwam et\u00addir\u00adme\u00adgi\u0148 wa\u00adjyp\u00addy\u00adgy\u00adna \u00fcn\u00adsi \u00e7ek\u00addi. D\u00f6w\u00adlet Ba\u015f\u00adtu\u00adta\u00adny\u00admyz \u00abT\u00fcrk\u00admen\u00adhi\u00admi\u00ad\u00fda\u00bb d\u00f6w\u00adlet kon\u00adser\u00adni\u00adni\u0148 \u00abGuw\u00adly\u00adduz\u00bb kom\u00adbi\u00adna\u00adty\u00adny\u0148 \u00e7\u00e4\u00adgin\u00adde \u00fdo\u00adka\u00adry hil\u00adli duz\u00adla\u00adry \u00f6n\u00add\u00fcr\u00ad\u00fd\u00e4n t\u00e4\u00adze \u00f6n\u00fcm\u00adha\u00adna\u00adny gur\u00admak bo\u00ad\u00fdun\u00ad\u00e7a ta\u00fd\u00ad\u00fdar\u00adla\u00adnan tek\u00adli\u00adbi gol\u00addap, wi\u00adse-prem\u00ad\u00fde\u00adre de\u00adgi\u015f\u00adli i\u015f\u00adle\u00adri ge\u00ad\u00e7ir\u00adme\u00adgi tab\u00ad\u015fyr\u00addy.<\/p>\n","protected":false},"excerpt":{"rendered":"<p>1-nji no\u00ad\u00fdabr\u00adda ge\u00ad\u00e7i\u00adri\u00adlen san\u00adly ul\u00adgam ar\u00adka\u00adly Mi\u00adnistr\u00adler Ka\u00adbi\u00adne\u00adti\u00adni\u0148 mej\u00adli\u00adsin\u00adde Mi\u00adnistr\u00adler Ka\u00adbi\u00adne\u00adti\u00adni\u0148 Ba\u015f\u00adly\u00adgy\u00adny\u0148 orun\u00adba\u00adsa\u00adry B.An\u00adna\u00adm\u00e4m\u00adme\u00addow \u00abT\u00fcrk\u00admen\u00adhi\u00admi\u00ad\u00fda\u00bb d\u00f6w\u00adlet kon\u00adser\u00adni ta\u00adra\u00adpyn\u00addan \u00fder\u00adli \u00e7ig ma\u00adly ne\u00adti\u00adje\u00adli pe\u00fd\u00adda\u00adlan\u00admak, \u00abGuw\u00adly\u00adduz\u00bb kom\u00adbi\u00adna\u00adty\u00adny\u0148 \u00f6n\u00fcm\u00ad\u00e7i\u00adli\u00adgi\u00adni gi\u00ad\u0148elt\u00admek bo\u00ad\u00fdun\u00ad\u00e7a ge\u00ad\u00e7i\u00adril\u00ad\u00fd\u00e4n i\u015f\u00adler ba\u00adra\u00adda ha\u00adsa\u00adbat ber\u00addi. Bel\u00adle\u00adni\u00adli\u00ad\u015fi \u00fda\u00adly, d\u00fcn\u00ad\u00fd\u00e4 ba\u00adzar\u00adla\u00adryn\u00adda uly is\u00adleg bil\u00addi\u00adril\u00ad\u00fd\u00e4n hem-de b\u00e4s\u00adde\u015f\u00adli\u00adge ukyp\u00adly duz\u00adla\u00adry\u0148 d\u00fcr\u00adli g\u00f6r\u00adn\u00fc\u015f\u00adle\u00adri\u00adni \u00e7y\u00adkar\u00admak bo\u00ad\u00fdun\u00ad\u00e7a d\u00f6w\u00adre\u00adbap \u00f6n\u00fcm\u00ad\u00e7i\u00adlik\u00adle\u00adri \u00fdo\u00adla go\u00fd\u00admak, gel\u00adjek\u00adde \u00abAr\u00adka\u00addag Me\u00addi\u00adsi\u00adna [&hellip;]<\/p>\n","protected":false},"author":2,"featured_media":55373,"comment_status":"open","ping_status":"closed","sticky":false,"template":"","format":"standard","meta":{"footnotes":""},"categories":[3],"tags":[],"acf":[],"_links":{"self":[{"href":"https:\/\/zamanturkmenistan.com.tm\/index.php?rest_route=\/wp\/v2\/posts\/119652"}],"collection":[{"href":"https:\/\/zamanturkmenistan.com.tm\/index.php?rest_route=\/wp\/v2\/posts"}],"about":[{"href":"https:\/\/zamanturkmenistan.com.tm\/index.php?rest_route=\/wp\/v2\/types\/post"}],"author":[{"embeddable":true,"href":"https:\/\/zamanturkmenistan.com.tm\/index.php?rest_route=\/wp\/v2\/users\/2"}],"replies":[{"embeddable":true,"href":"https:\/\/zamanturkmenistan.com.tm\/index.php?rest_route=%2Fwp%2Fv2%2Fcomments&post=119652"}],"version-history":[{"count":1,"href":"https:\/\/zamanturkmenistan.com.tm\/index.php?rest_route=\/wp\/v2\/posts\/119652\/revisions"}],"predecessor-version":[{"id":119653,"href":"https:\/\/zamanturkmenistan.com.tm\/index.php?rest_route=\/wp\/v2\/posts\/119652\/revisions\/119653"}],"wp:featuredmedia":[{"embeddable":true,"href":"https:\/\/zamanturkmenistan.com.tm\/index.php?rest_route=\/wp\/v2\/media\/55373"}],"wp:attachment":[{"href":"https:\/\/zamanturkmenistan.com.tm\/index.php?rest_route=%2Fwp%2Fv2%2Fmedia&parent=119652"}],"wp:term":[{"taxonomy":"category","embeddable":true,"href":"https:\/\/zamanturkmenistan.com.tm\/index.php?rest_route=%2Fwp%2Fv2%2Fcategories&post=119652"},{"taxonomy":"post_tag","embeddable":true,"href":"https:\/\/zamanturkmenistan.com.tm\/index.php?rest_route=%2Fwp%2Fv2%2Ftags&post=119652"}],"curies":[{"name":"wp","href":"https:\/\/api.w.org\/{rel}","templated":true}]}}