{"id":120365,"date":"2024-11-11T18:33:06","date_gmt":"2024-11-11T13:33:06","guid":{"rendered":"https:\/\/zamanturkmenistan.com.tm\/?p=120365"},"modified":"2024-11-11T18:33:06","modified_gmt":"2024-11-11T13:33:06","slug":"turkmenistanyn-dim-nde-bmg-nin-turkmenistandaky-hemiselik-utgasdyryjysy-bilen-dususyk-gecirildi-2","status":"publish","type":"post","link":"https:\/\/zamanturkmenistan.com.tm\/?p=120365","title":{"rendered":"T\u00fcrkmenistany\u0148 DIM-nde BMG-ni\u0148 T\u00fcrkmenistandaky Hemi\u015felik utga\u015fdyryjysy bilen du\u015fu\u015fyk ge\u00e7irildi"},"content":{"rendered":"<p>11-nji no\u00fdabrda T\u00fcrkmenistany\u0148 Da\u015fary i\u015fler ministri Ra\u015fid Meredow bilen BMG-ni\u0148 T\u00fcrkmenistandaky Hemi\u015felik utga\u015fdyryjysy Dmitri\u00fd \u015elapa\u00e7enkony\u0148 arasynda du\u015fu\u015fyk ge\u00e7irildi.<br \/>\nDu\u015fu\u015fygy\u0148 dowamynda taraplar T\u00fcrkmenistan bilen BMG we onu\u0148 \u00fd\u00f6ritele\u015fdirilen edaralaryny\u0148 arasyndaky hyzmatda\u015flygy\u0148 wajyp ugurlary bo\u00fdun\u00e7a pikir aly\u015fdylar.<br \/>\nDu\u015fu\u015fykda howany\u0148 \u00fc\u00fdtgemegi bilen baglany\u015fykly meselelere a\u00fdratyn \u00fcns berildi. Taraplar \u00c4hlumumy metan bor\u00e7namasynda g\u00f6z \u00f6\u0148\u00fcnde tutulan maksatlary we wezipeleri \u00fderine \u00fdetirm\u00e4ge g\u00f6n\u00fckdirilen 2025\u20132026-njy \u00fdyllar \u00fc\u00e7in T\u00fcrkmenistany\u0148 halkara hyzmatda\u015flygyny berkitmek bo\u00fdun\u00e7a \u00ab\u00ddol kartasyny\u00bb durmu\u015fa ge\u00e7irmegi\u0148 anyk ugurlaryny ara alyp maslahatla\u015fdylar.<br \/>\nDiplomatlar \u015fe\u00fdle hem Merkezi Azi\u00fdada howany\u0148 \u00fc\u00fdtgemegi bilen bagly tehnologi\u00fdalar bo\u00fdun\u00e7a Sebit merkezini d\u00f6retmek baradaky T\u00fcrkmenistany\u0148 \u00f6\u0148e s\u00fcren ba\u015flangyjyny\u0148 durmu\u015fa ge\u00e7irilmegi barada pikir aly\u015fdylar. Hususan-da, h\u00fcn\u00e4rmenleri\u0148 arasynda yzygiderli tejribe aly\u015fmagy\u0148, sebiti\u0148 d\u00f6wletlerini\u0148 howany\u0148 \u00fc\u00fdtgemegi bilen baglany\u015fykly meseleleri \u00e7\u00f6z\u00fd\u00e4n utga\u015fdyryjy merkezlerini\u0148 arasyndaky hyzmatda\u015flygy pugtalandyrmagy\u0148 \u00e4hmi\u00fdeti nygtaldy.<br \/>\nTaraplar \u00fdyly\u0148 ahyryna \u00e7enli ge\u00e7iriljek bilelikd\u00e4ki \u00e7\u00e4relere ta\u00fd\u00fdarlyk meselelerini ara alyp maslahatla\u015fdylar.<br \/>\nBMG-ni\u0148 Ba\u015f Assamble\u00fdasy tarapyndan T\u00fcrkmenistany\u0148 ba\u015flangyjy bilen Halkara parahat\u00e7ylyk we ynany\u015fmak \u00fdyly h\u00f6km\u00fcnde yglan edilen indiki \u00fdyl g\u00f6z \u00f6\u0148\u00fcnde tutul\u00fdan me\u00fdilnamalar bilen baglany\u015fykly meselelerine hem garadylar.<\/p>\n","protected":false},"excerpt":{"rendered":"<p>11-nji no\u00fdabrda T\u00fcrkmenistany\u0148 Da\u015fary i\u015fler ministri Ra\u015fid Meredow bilen BMG-ni\u0148 T\u00fcrkmenistandaky Hemi\u015felik utga\u015fdyryjysy Dmitri\u00fd \u015elapa\u00e7enkony\u0148 arasynda du\u015fu\u015fyk ge\u00e7irildi. Du\u015fu\u015fygy\u0148 dowamynda taraplar T\u00fcrkmenistan bilen BMG we onu\u0148 \u00fd\u00f6ritele\u015fdirilen edaralaryny\u0148 arasyndaky hyzmatda\u015flygy\u0148 wajyp ugurlary bo\u00fdun\u00e7a pikir aly\u015fdylar. Du\u015fu\u015fykda howany\u0148 \u00fc\u00fdtgemegi bilen baglany\u015fykly meselelere a\u00fdratyn \u00fcns berildi. Taraplar \u00c4hlumumy metan bor\u00e7namasynda g\u00f6z \u00f6\u0148\u00fcnde tutulan maksatlary we wezipeleri \u00fderine [&hellip;]<\/p>\n","protected":false},"author":2,"featured_media":120356,"comment_status":"open","ping_status":"closed","sticky":false,"template":"","format":"standard","meta":{"footnotes":""},"categories":[3],"tags":[],"acf":[],"_links":{"self":[{"href":"https:\/\/zamanturkmenistan.com.tm\/index.php?rest_route=\/wp\/v2\/posts\/120365"}],"collection":[{"href":"https:\/\/zamanturkmenistan.com.tm\/index.php?rest_route=\/wp\/v2\/posts"}],"about":[{"href":"https:\/\/zamanturkmenistan.com.tm\/index.php?rest_route=\/wp\/v2\/types\/post"}],"author":[{"embeddable":true,"href":"https:\/\/zamanturkmenistan.com.tm\/index.php?rest_route=\/wp\/v2\/users\/2"}],"replies":[{"embeddable":true,"href":"https:\/\/zamanturkmenistan.com.tm\/index.php?rest_route=%2Fwp%2Fv2%2Fcomments&post=120365"}],"version-history":[{"count":1,"href":"https:\/\/zamanturkmenistan.com.tm\/index.php?rest_route=\/wp\/v2\/posts\/120365\/revisions"}],"predecessor-version":[{"id":120366,"href":"https:\/\/zamanturkmenistan.com.tm\/index.php?rest_route=\/wp\/v2\/posts\/120365\/revisions\/120366"}],"wp:featuredmedia":[{"embeddable":true,"href":"https:\/\/zamanturkmenistan.com.tm\/index.php?rest_route=\/wp\/v2\/media\/120356"}],"wp:attachment":[{"href":"https:\/\/zamanturkmenistan.com.tm\/index.php?rest_route=%2Fwp%2Fv2%2Fmedia&parent=120365"}],"wp:term":[{"taxonomy":"category","embeddable":true,"href":"https:\/\/zamanturkmenistan.com.tm\/index.php?rest_route=%2Fwp%2Fv2%2Fcategories&post=120365"},{"taxonomy":"post_tag","embeddable":true,"href":"https:\/\/zamanturkmenistan.com.tm\/index.php?rest_route=%2Fwp%2Fv2%2Ftags&post=120365"}],"curies":[{"name":"wp","href":"https:\/\/api.w.org\/{rel}","templated":true}]}}