{"id":121813,"date":"2024-11-30T12:16:39","date_gmt":"2024-11-30T07:16:39","guid":{"rendered":"https:\/\/zamanturkmenistan.com.tm\/?p=121813"},"modified":"2024-11-30T12:16:39","modified_gmt":"2024-11-30T07:16:39","slug":"aziyanyn-osus-bankynyn-taze-baslygy","status":"publish","type":"post","link":"https:\/\/zamanturkmenistan.com.tm\/?p=121813","title":{"rendered":"Azi\u00fdany\u0148 \u00f6s\u00fc\u015f bankyny\u0148 t\u00e4ze ba\u015flygy\u00a0"},"content":{"rendered":"<p>Azi\u00fda \u00f6s\u00fc\u015f bankyny\u0148 (ADB) Dolandyryjylar ge\u0148e\u015fi 59 \u00fda\u015fly Masato Kandany Azi\u00fda \u00f6s\u00fc\u015f bankyny\u0148 11-nji ba\u015flygy wezipesine sa\u00fdlady. Masato Kanda 2025-nji \u00fdyly\u0148 24-nji fewralynda i\u015fe ba\u015flap, bu wezip\u00e4ni 2026-njy \u00fdyly\u0148 23-nji no\u00fdabryna \u00e7enli dowam etdirer. Ol h\u00e4zirki wagtda \u00ddaponi\u00fdany\u0148 Prem\u00fder-ministrini\u0148 we mali\u00fde ministrini\u0148 \u00fd\u00f6rite ge\u0148e\u015f\u00e7isidir.<\/p>\n<p>\u201cMasato Kanduny\u0148 halkara mali\u00fde pudagyndaky uly tejribesi we k\u00f6pugurlarda subut edilen \u00fdolba\u015f\u00e7ylygy global ykdysady kyn\u00e7ylyklary \u00e7\u00f6zm\u00e4ge we halkara hyzmatda\u015flygyny \u00f6sd\u00fcrm\u00e4ge k\u00f6mek eder\u201d di\u00fdip, banky\u0148 dolandyryjylar ge\u0148e\u015fini\u0148 ba\u015flygy Fabio Panetta a\u00fdtdy.<\/p>\n<p>Mali\u00fde hyzmatlary gullugyny\u0148 ba\u015flygyny\u0148 orunbasary, b\u00fdujet b\u00fdurosyny\u0148 ba\u015f m\u00fcdirini\u0148 orunbasary we sy\u00fdasaty utga\u015fdyrmak bo\u00fdun\u00e7a ministri\u0148 orunbasary bolup i\u015fl\u00e4n Masato Kandany\u0148 mali\u00fde sy\u00fdasaty we makro-salgyt sy\u00fdasaty bo\u00fdun\u00e7a m\u00f6h\u00fcm tejrib\u00e4 e\u00fdedigi bellen\u00fd\u00e4r. \u015ee\u00fdle hem, bilim sy\u00fdasaty, ylym reformasy, \u015fol sanda uniwersitet reformasy bo\u00fdun\u00e7a \u00f6\u0148debaryjy bilermendir.<\/p>\n<p>\u00dderi gelende bell\u00e4p ge\u00e7sek, Azi\u00fdany\u0148 \u00f6s\u00fc\u015f banky garyplygy \u00fdok etmek ugrundaky tagallalaryny dowam etdirmek bilen bir hatarda g\u00fcll\u00e4p \u00f6s\u00fd\u00e4n, inkl\u00fduziw, \u00fda\u015fa\u00fd\u015fa ukyply we durnukly Azi\u00fda-\u00dduwa\u015f umman sebitini d\u00f6retm\u00e4ge tagalla ed\u00fd\u00e4r. 1966-njy \u00fdylda d\u00f6redilen Azi\u00fda \u00f6s\u00fc\u015f banky 69 \u00fdurdy \u00f6z i\u00e7ine al\u00fdar, olary\u0148 49-sy Azi\u00fda-\u00dduwa\u015f umman sebitinde \u00fderle\u015f\u00fd\u00e4r.<\/p>\n","protected":false},"excerpt":{"rendered":"<p>Azi\u00fda \u00f6s\u00fc\u015f bankyny\u0148 (ADB) Dolandyryjylar ge\u0148e\u015fi 59 \u00fda\u015fly Masato Kandany Azi\u00fda \u00f6s\u00fc\u015f bankyny\u0148 11-nji ba\u015flygy wezipesine sa\u00fdlady. Masato Kanda 2025-nji \u00fdyly\u0148 24-nji fewralynda i\u015fe ba\u015flap, bu wezip\u00e4ni 2026-njy \u00fdyly\u0148 23-nji no\u00fdabryna \u00e7enli dowam etdirer. Ol h\u00e4zirki wagtda \u00ddaponi\u00fdany\u0148 Prem\u00fder-ministrini\u0148 we mali\u00fde ministrini\u0148 \u00fd\u00f6rite ge\u0148e\u015f\u00e7isidir. \u201cMasato Kanduny\u0148 halkara mali\u00fde pudagyndaky uly tejribesi we k\u00f6pugurlarda subut edilen [&hellip;]<\/p>\n","protected":false},"author":4,"featured_media":121804,"comment_status":"open","ping_status":"closed","sticky":false,"template":"","format":"standard","meta":{"footnotes":""},"categories":[5],"tags":[10418],"acf":[],"_links":{"self":[{"href":"https:\/\/zamanturkmenistan.com.tm\/index.php?rest_route=\/wp\/v2\/posts\/121813"}],"collection":[{"href":"https:\/\/zamanturkmenistan.com.tm\/index.php?rest_route=\/wp\/v2\/posts"}],"about":[{"href":"https:\/\/zamanturkmenistan.com.tm\/index.php?rest_route=\/wp\/v2\/types\/post"}],"author":[{"embeddable":true,"href":"https:\/\/zamanturkmenistan.com.tm\/index.php?rest_route=\/wp\/v2\/users\/4"}],"replies":[{"embeddable":true,"href":"https:\/\/zamanturkmenistan.com.tm\/index.php?rest_route=%2Fwp%2Fv2%2Fcomments&post=121813"}],"version-history":[{"count":1,"href":"https:\/\/zamanturkmenistan.com.tm\/index.php?rest_route=\/wp\/v2\/posts\/121813\/revisions"}],"predecessor-version":[{"id":121815,"href":"https:\/\/zamanturkmenistan.com.tm\/index.php?rest_route=\/wp\/v2\/posts\/121813\/revisions\/121815"}],"wp:featuredmedia":[{"embeddable":true,"href":"https:\/\/zamanturkmenistan.com.tm\/index.php?rest_route=\/wp\/v2\/media\/121804"}],"wp:attachment":[{"href":"https:\/\/zamanturkmenistan.com.tm\/index.php?rest_route=%2Fwp%2Fv2%2Fmedia&parent=121813"}],"wp:term":[{"taxonomy":"category","embeddable":true,"href":"https:\/\/zamanturkmenistan.com.tm\/index.php?rest_route=%2Fwp%2Fv2%2Fcategories&post=121813"},{"taxonomy":"post_tag","embeddable":true,"href":"https:\/\/zamanturkmenistan.com.tm\/index.php?rest_route=%2Fwp%2Fv2%2Ftags&post=121813"}],"curies":[{"name":"wp","href":"https:\/\/api.w.org\/{rel}","templated":true}]}}