{"id":121981,"date":"2024-12-03T12:40:29","date_gmt":"2024-12-03T07:40:29","guid":{"rendered":"https:\/\/zamanturkmenistan.com.tm\/?p=121981"},"modified":"2024-12-03T12:40:29","modified_gmt":"2024-12-03T07:40:29","slug":"turkmenistanyn-we-russiya-federasiyasynyn-dasary-syyasat-edaralarynyn-yolbascylary-telefon-arkaly-sohbetdeslik-gecirdi","status":"publish","type":"post","link":"https:\/\/zamanturkmenistan.com.tm\/?p=121981","title":{"rendered":"T\u00fcrkmenistany\u0148 we Russi\u00fda Federasi\u00fdasyny\u0148 da\u015fary sy\u00fdasat edaralaryny\u0148 \u00fdolba\u015f\u00e7ylary telefon arkaly s\u00f6hbetde\u015flik ge\u00e7irdi"},"content":{"rendered":"<p>2-nji dekabrda Russi\u00fda tarapyny\u0148 ba\u015flangyjy bilen T\u00fcrkmenistany\u0148 Da\u015fary i\u015fler ministri Ra\u015fid Meredow bilen Russi\u00fda Federasi\u00fdasyny\u0148 Da\u015fary i\u015fler ministri Serge\u00fd Lawrowy\u0148 arasynda telefon arkaly s\u00f6hbetde\u015flik ge\u00e7irildi.<\/p>\n<p>S\u00f6hbetde\u015fligi\u0148 bar\u015fynda taraplar t\u00fcrkmen-rus g\u00fcn tertibini ara alyp maslahatla\u015fdylar, hususan-da \u00f6zara gyzyklanma bildiril\u00fd\u00e4n ugurlar bo\u00fdun\u00e7a hyzmatda\u015flygy \u00f6sd\u00fcrmegi\u0148 geljegine garadylar.<\/p>\n<p>Ministrler Da\u015fary i\u015fler ministrliklerini\u0148 arasyndaky \u00f6zara gatna\u015fyklary dowam etdirmegi\u0148 m\u00f6h\u00fcmdigini bellediler.<\/p>\n","protected":false},"excerpt":{"rendered":"<p>2-nji dekabrda Russi\u00fda tarapyny\u0148 ba\u015flangyjy bilen T\u00fcrkmenistany\u0148 Da\u015fary i\u015fler ministri Ra\u015fid Meredow bilen Russi\u00fda Federasi\u00fdasyny\u0148 Da\u015fary i\u015fler ministri Serge\u00fd Lawrowy\u0148 arasynda telefon arkaly s\u00f6hbetde\u015flik ge\u00e7irildi. S\u00f6hbetde\u015fligi\u0148 bar\u015fynda taraplar t\u00fcrkmen-rus g\u00fcn tertibini ara alyp maslahatla\u015fdylar, hususan-da \u00f6zara gyzyklanma bildiril\u00fd\u00e4n ugurlar bo\u00fdun\u00e7a hyzmatda\u015flygy \u00f6sd\u00fcrmegi\u0148 geljegine garadylar. Ministrler Da\u015fary i\u015fler ministrliklerini\u0148 arasyndaky \u00f6zara gatna\u015fyklary dowam etdirmegi\u0148 m\u00f6h\u00fcmdigini bellediler.<\/p>\n","protected":false},"author":4,"featured_media":121982,"comment_status":"open","ping_status":"closed","sticky":false,"template":"","format":"standard","meta":{"footnotes":""},"categories":[3],"tags":[],"acf":[],"_links":{"self":[{"href":"https:\/\/zamanturkmenistan.com.tm\/index.php?rest_route=\/wp\/v2\/posts\/121981"}],"collection":[{"href":"https:\/\/zamanturkmenistan.com.tm\/index.php?rest_route=\/wp\/v2\/posts"}],"about":[{"href":"https:\/\/zamanturkmenistan.com.tm\/index.php?rest_route=\/wp\/v2\/types\/post"}],"author":[{"embeddable":true,"href":"https:\/\/zamanturkmenistan.com.tm\/index.php?rest_route=\/wp\/v2\/users\/4"}],"replies":[{"embeddable":true,"href":"https:\/\/zamanturkmenistan.com.tm\/index.php?rest_route=%2Fwp%2Fv2%2Fcomments&post=121981"}],"version-history":[{"count":1,"href":"https:\/\/zamanturkmenistan.com.tm\/index.php?rest_route=\/wp\/v2\/posts\/121981\/revisions"}],"predecessor-version":[{"id":121983,"href":"https:\/\/zamanturkmenistan.com.tm\/index.php?rest_route=\/wp\/v2\/posts\/121981\/revisions\/121983"}],"wp:featuredmedia":[{"embeddable":true,"href":"https:\/\/zamanturkmenistan.com.tm\/index.php?rest_route=\/wp\/v2\/media\/121982"}],"wp:attachment":[{"href":"https:\/\/zamanturkmenistan.com.tm\/index.php?rest_route=%2Fwp%2Fv2%2Fmedia&parent=121981"}],"wp:term":[{"taxonomy":"category","embeddable":true,"href":"https:\/\/zamanturkmenistan.com.tm\/index.php?rest_route=%2Fwp%2Fv2%2Fcategories&post=121981"},{"taxonomy":"post_tag","embeddable":true,"href":"https:\/\/zamanturkmenistan.com.tm\/index.php?rest_route=%2Fwp%2Fv2%2Ftags&post=121981"}],"curies":[{"name":"wp","href":"https:\/\/api.w.org\/{rel}","templated":true}]}}