{"id":122001,"date":"2024-12-03T16:12:13","date_gmt":"2024-12-03T11:12:13","guid":{"rendered":"https:\/\/zamanturkmenistan.com.tm\/?p=122001"},"modified":"2024-12-03T16:12:13","modified_gmt":"2024-12-03T11:12:13","slug":"ertir-turkiye-respublikasynyn-eksport-harytlarynyn-sergisi-baslayar","status":"publish","type":"post","link":"https:\/\/zamanturkmenistan.com.tm\/?p=122001","title":{"rendered":"Ertir T\u00fcrki\u00fde Respublikasyny\u0148 eksport harytlaryny\u0148 sergisi ba\u015fla\u00fdar"},"content":{"rendered":"<p><strong>4 \u2014 6-njy DEKABRDA PA\u00ddTAGTYMYZDA T\u00dcRKI\u00ddE RESPUBLIKASYNY\u0147 EKSPORT HARYTLARYNY\u0147 SERGISI GE\u00c7IRILER<\/strong><\/p>\n<p>Gu\u00adra\u00fd\u00adjy to\u00adpar T\u00fcrk\u00adme\u00adnis\u00adta\u00adny\u0148 mi\u00adnistr\u00adlik\u00adle\u00adri\u00adni\u0148 we pu\u00addak\u00adla\u00ad\u00fdyn do\u00adlan\u00addy\u00adry\u015f eda\u00adra\u00adla\u00adry\u00adny\u0148 h\u00fcn\u00e4rmenlerini, Senagat\u00e7ylar we teleke\u00e7iler birle\u015fmesini\u0148 agzalaryny, t\u00fcrk\u00admen i\u015fe\u00adw\u00fcr\u00adle\u00adri\u00adni, \u00fdur\u00addu\u00admy\u00adzy\u0148 ra\u00ad\u00fdat\u00adla\u00adry\u00adny, \u015fe\u00fd\u00adle hem da\u00ad\u015fa\u00adry \u00fdurt kom\u00adpa\u00adni\u00ad\u00fda\u00adla\u00adry\u00adny\u0148 wekillerini serg\u00e4 \u00e7agyr\u00fdar.<\/p>\n<p>Sergini\u0148 i\u015f wagty:<\/p>\n<p>4-nji dekabrda sagat 10:00-dan 18:00-a \u00e7enli;<\/p>\n<p>5-nji dekabrda sagat 09:00-dan 18:00-a \u00e7enli;<\/p>\n<p>6-njy dekabrda sagat 09:00-dan 15:00-a \u00e7enli.<\/p>\n<p>Sergi T\u00fcrkmenistany\u0148 S\u00f6wda-senagat edarasyny\u0148 binasynda ge\u00e7iril\u00fd\u00e4r. Sal\u00adgy\u00adsy: A\u015f\u00adga\u00adbat \u015f\u00e4\u00adhe\u00adri\u00adni\u0148 \u00c7an\u00addy\u00adbil \u015fa\u00ad\u00fdo\u00adlu\u00adny\u0148 143-nji ja\u00ad\u00fdy. Ha\u00adbar\u00adla\u015f\u00admak \u00fc\u00e7in te\u00adle\u00adfon bel\u00adgi\u00adle\u00adri: 39-88-81 (82\/86).<\/p>\n","protected":false},"excerpt":{"rendered":"<p>4 \u2014 6-njy DEKABRDA PA\u00ddTAGTYMYZDA T\u00dcRKI\u00ddE RESPUBLIKASYNY\u0147 EKSPORT HARYTLARYNY\u0147 SERGISI GE\u00c7IRILER Gu\u00adra\u00fd\u00adjy to\u00adpar T\u00fcrk\u00adme\u00adnis\u00adta\u00adny\u0148 mi\u00adnistr\u00adlik\u00adle\u00adri\u00adni\u0148 we pu\u00addak\u00adla\u00ad\u00fdyn do\u00adlan\u00addy\u00adry\u015f eda\u00adra\u00adla\u00adry\u00adny\u0148 h\u00fcn\u00e4rmenlerini, Senagat\u00e7ylar we teleke\u00e7iler birle\u015fmesini\u0148 agzalaryny, t\u00fcrk\u00admen i\u015fe\u00adw\u00fcr\u00adle\u00adri\u00adni, \u00fdur\u00addu\u00admy\u00adzy\u0148 ra\u00ad\u00fdat\u00adla\u00adry\u00adny, \u015fe\u00fd\u00adle hem da\u00ad\u015fa\u00adry \u00fdurt kom\u00adpa\u00adni\u00ad\u00fda\u00adla\u00adry\u00adny\u0148 wekillerini serg\u00e4 \u00e7agyr\u00fdar. Sergini\u0148 i\u015f wagty: 4-nji dekabrda sagat 10:00-dan 18:00-a \u00e7enli; 5-nji dekabrda sagat 09:00-dan 18:00-a \u00e7enli; 6-njy dekabrda sagat [&hellip;]<\/p>\n","protected":false},"author":4,"featured_media":122014,"comment_status":"open","ping_status":"closed","sticky":false,"template":"","format":"standard","meta":{"footnotes":""},"categories":[8273],"tags":[],"acf":[],"_links":{"self":[{"href":"https:\/\/zamanturkmenistan.com.tm\/index.php?rest_route=\/wp\/v2\/posts\/122001"}],"collection":[{"href":"https:\/\/zamanturkmenistan.com.tm\/index.php?rest_route=\/wp\/v2\/posts"}],"about":[{"href":"https:\/\/zamanturkmenistan.com.tm\/index.php?rest_route=\/wp\/v2\/types\/post"}],"author":[{"embeddable":true,"href":"https:\/\/zamanturkmenistan.com.tm\/index.php?rest_route=\/wp\/v2\/users\/4"}],"replies":[{"embeddable":true,"href":"https:\/\/zamanturkmenistan.com.tm\/index.php?rest_route=%2Fwp%2Fv2%2Fcomments&post=122001"}],"version-history":[{"count":1,"href":"https:\/\/zamanturkmenistan.com.tm\/index.php?rest_route=\/wp\/v2\/posts\/122001\/revisions"}],"predecessor-version":[{"id":122003,"href":"https:\/\/zamanturkmenistan.com.tm\/index.php?rest_route=\/wp\/v2\/posts\/122001\/revisions\/122003"}],"wp:featuredmedia":[{"embeddable":true,"href":"https:\/\/zamanturkmenistan.com.tm\/index.php?rest_route=\/wp\/v2\/media\/122014"}],"wp:attachment":[{"href":"https:\/\/zamanturkmenistan.com.tm\/index.php?rest_route=%2Fwp%2Fv2%2Fmedia&parent=122001"}],"wp:term":[{"taxonomy":"category","embeddable":true,"href":"https:\/\/zamanturkmenistan.com.tm\/index.php?rest_route=%2Fwp%2Fv2%2Fcategories&post=122001"},{"taxonomy":"post_tag","embeddable":true,"href":"https:\/\/zamanturkmenistan.com.tm\/index.php?rest_route=%2Fwp%2Fv2%2Ftags&post=122001"}],"curies":[{"name":"wp","href":"https:\/\/api.w.org\/{rel}","templated":true}]}}