{"id":122008,"date":"2024-12-03T15:57:06","date_gmt":"2024-12-03T10:57:06","guid":{"rendered":"https:\/\/zamanturkmenistan.com.tm\/?p=122008"},"modified":"2024-12-03T15:57:06","modified_gmt":"2024-12-03T10:57:06","slug":"turkmen-isewurleri-textileexpo-ozbegistan-2025-sergisine-cagyryldy","status":"publish","type":"post","link":"https:\/\/zamanturkmenistan.com.tm\/?p=122008","title":{"rendered":"T\u00fcrkmen i\u015few\u00fcrleri \u201cTextileExpo \u00d6zbegistan 2025\u201d sergisine \u00e7agyryldy"},"content":{"rendered":"<p>\u201cIteca Exhibitions\u201d halkara sergiler kompani\u00fdasy T\u00fcrkmenistany\u0148 dokma, trikota\u017e we tikilen \u00f6n\u00fcmlerini \u00f6nd\u00fcrijilerini 2025-nji \u00fdyly\u0148 14-16-njy ma\u00fdy aralygynda Da\u015fkentde ge\u00e7iriljek 24-nji Halkara &#8220;TextileExpo \u00d6zbegistan 2025&#8221; sergisine gatna\u015fmaga \u00e7agyr\u00fdar.<\/p>\n<p>Bu \u00e7\u00e4re t\u00fcrkmen \u00a0teleke\u00e7ilerine we i\u015few\u00fcrlerine \u00d6zbegistan bazaryna \u00e7ykmaga gi\u0148 m\u00fcmkin\u00e7ilik d\u00f6reder.<\/p>\n<p>\u201cTextileExpo \u00d6zbegistan\u201d &#8211; dokma we moda senagaty, lukman\u00e7ylyk bo\u00fdun\u00e7a \u00f6\u0148debaryjy kompan\u00fdalary bir \u00fdere\u00a0 jemle\u00fd\u00e4n \u00fd\u00f6rite sergidir. Bu \u00e7\u00e4re dokma we \u00fde\u0148il senagat \u00f6n\u00fcmlerini\u0148 \u00f6s\u00fc\u015flerini, t\u00e4zeliklerini g\u00f6rkezm\u00e4ge we t\u00e4ze hyzmatda\u015flar tapmaga \u00fdardam berer.<\/p>\n","protected":false},"excerpt":{"rendered":"<p>\u201cIteca Exhibitions\u201d halkara sergiler kompani\u00fdasy T\u00fcrkmenistany\u0148 dokma, trikota\u017e we tikilen \u00f6n\u00fcmlerini \u00f6nd\u00fcrijilerini 2025-nji \u00fdyly\u0148 14-16-njy ma\u00fdy aralygynda Da\u015fkentde ge\u00e7iriljek 24-nji Halkara &#8220;TextileExpo \u00d6zbegistan 2025&#8221; sergisine gatna\u015fmaga \u00e7agyr\u00fdar. Bu \u00e7\u00e4re t\u00fcrkmen \u00a0teleke\u00e7ilerine we i\u015few\u00fcrlerine \u00d6zbegistan bazaryna \u00e7ykmaga gi\u0148 m\u00fcmkin\u00e7ilik d\u00f6reder. \u201cTextileExpo \u00d6zbegistan\u201d &#8211; dokma we moda senagaty, lukman\u00e7ylyk bo\u00fdun\u00e7a \u00f6\u0148debaryjy kompan\u00fdalary bir \u00fdere\u00a0 jemle\u00fd\u00e4n \u00fd\u00f6rite sergidir. [&hellip;]<\/p>\n","protected":false},"author":4,"featured_media":122009,"comment_status":"open","ping_status":"closed","sticky":false,"template":"","format":"standard","meta":{"footnotes":""},"categories":[3],"tags":[10487],"acf":[],"_links":{"self":[{"href":"https:\/\/zamanturkmenistan.com.tm\/index.php?rest_route=\/wp\/v2\/posts\/122008"}],"collection":[{"href":"https:\/\/zamanturkmenistan.com.tm\/index.php?rest_route=\/wp\/v2\/posts"}],"about":[{"href":"https:\/\/zamanturkmenistan.com.tm\/index.php?rest_route=\/wp\/v2\/types\/post"}],"author":[{"embeddable":true,"href":"https:\/\/zamanturkmenistan.com.tm\/index.php?rest_route=\/wp\/v2\/users\/4"}],"replies":[{"embeddable":true,"href":"https:\/\/zamanturkmenistan.com.tm\/index.php?rest_route=%2Fwp%2Fv2%2Fcomments&post=122008"}],"version-history":[{"count":1,"href":"https:\/\/zamanturkmenistan.com.tm\/index.php?rest_route=\/wp\/v2\/posts\/122008\/revisions"}],"predecessor-version":[{"id":122010,"href":"https:\/\/zamanturkmenistan.com.tm\/index.php?rest_route=\/wp\/v2\/posts\/122008\/revisions\/122010"}],"wp:featuredmedia":[{"embeddable":true,"href":"https:\/\/zamanturkmenistan.com.tm\/index.php?rest_route=\/wp\/v2\/media\/122009"}],"wp:attachment":[{"href":"https:\/\/zamanturkmenistan.com.tm\/index.php?rest_route=%2Fwp%2Fv2%2Fmedia&parent=122008"}],"wp:term":[{"taxonomy":"category","embeddable":true,"href":"https:\/\/zamanturkmenistan.com.tm\/index.php?rest_route=%2Fwp%2Fv2%2Fcategories&post=122008"},{"taxonomy":"post_tag","embeddable":true,"href":"https:\/\/zamanturkmenistan.com.tm\/index.php?rest_route=%2Fwp%2Fv2%2Ftags&post=122008"}],"curies":[{"name":"wp","href":"https:\/\/api.w.org\/{rel}","templated":true}]}}