{"id":122062,"date":"2024-12-04T11:25:34","date_gmt":"2024-12-04T06:25:34","guid":{"rendered":"https:\/\/zamanturkmenistan.com.tm\/?p=122062"},"modified":"2024-12-04T11:25:34","modified_gmt":"2024-12-04T06:25:34","slug":"turkmenistanyn-we-italiya-respublikasynyn-dasary-syyasat-edaralarynyn-wekilleri-geplesikleri-gecirdiler","status":"publish","type":"post","link":"https:\/\/zamanturkmenistan.com.tm\/?p=122062","title":{"rendered":"T\u00fcrkmenistany\u0148 we Itali\u00fda Respublikasyny\u0148 da\u015fary sy\u00fdasat edaralaryny\u0148 wekilleri geple\u015fikleri ge\u00e7irdiler\u00a0"},"content":{"rendered":"<p><strong>3-nji dekabrda T\u00fcrkmenistany\u0148 DIM-de Itali\u00fdany\u0148 Da\u015fary i\u015fler we halkara hyzmatda\u015flygy ministrligini\u0148 il\u00e7isi Federiko Faillany\u0148 \u00fdolba\u015f\u00e7ylygyndaky Itali\u00fda Respublikasyny\u0148 wekili\u00fdeti bilen du\u015fu\u015fyk ge\u00e7irildi.<\/strong><\/p>\n<p>G\u00fcn tertibine Merkezi Azi\u00fda \u00fdurtlaryny\u0148 we Itali\u00fdany\u0148 arasyndaky k\u00f6ptarapla\u00fdyn hyzmatda\u015flygy\u0148 torlaryny d\u00f6retmek bo\u00fdun\u00e7a Hereketleri\u0148 me\u00fdilnamasyny\u0148 taslamasyny ara alnyp maslahatla\u015fmak girizildi.<\/p>\n<p>Bu resminamany\u0148 i\u015flenip d\u00fcz\u00fclmegi bilen bagly mesele da\u015fary sy\u00fdasat edaralaryny\u0148 \u00fdolba\u015f\u00e7ylary tarapyndan \u015fu \u00fdyly\u0148 29-njy ma\u00fdynda Rimde ge\u00e7irilen \u00abMerkezi Azi\u00fda \u2013 Itali\u00fda\u00bb formatyny\u0148 \u00fc\u00e7\u00fcnji Ministrler maslahatyny\u0148 \u00e7\u00e4klerinde ylala\u015fyldy.<\/p>\n<p>Du\u015fu\u015fyga gatna\u015fyjylar resminamany\u0148 \u00fdurtlary\u0148 arasyndaky energetika, ulag, oba we suw hojalygy, bilim, saglygy gora\u00fdy\u015f we be\u00fdleki ugurlar bo\u00fdun\u00e7a hyzmatda\u015flygy \u00f6z i\u00e7ine aljakdygyny bellediler.<\/p>\n<p>Geple\u015fikleri\u0148 ahyrynda taraplar \u00f6zara b\u00e4hbitli gatna\u015fyklary has-da \u00e7u\u0148la\u015fdyrmaga ta\u00fd\u00fdardyklaryny tassykladylar.<\/p>\n","protected":false},"excerpt":{"rendered":"<p>3-nji dekabrda T\u00fcrkmenistany\u0148 DIM-de Itali\u00fdany\u0148 Da\u015fary i\u015fler we halkara hyzmatda\u015flygy ministrligini\u0148 il\u00e7isi Federiko Faillany\u0148 \u00fdolba\u015f\u00e7ylygyndaky Itali\u00fda Respublikasyny\u0148 wekili\u00fdeti bilen du\u015fu\u015fyk ge\u00e7irildi. G\u00fcn tertibine Merkezi Azi\u00fda \u00fdurtlaryny\u0148 we Itali\u00fdany\u0148 arasyndaky k\u00f6ptarapla\u00fdyn hyzmatda\u015flygy\u0148 torlaryny d\u00f6retmek bo\u00fdun\u00e7a Hereketleri\u0148 me\u00fdilnamasyny\u0148 taslamasyny ara alnyp maslahatla\u015fmak girizildi. Bu resminamany\u0148 i\u015flenip d\u00fcz\u00fclmegi bilen bagly mesele da\u015fary sy\u00fdasat edaralaryny\u0148 \u00fdolba\u015f\u00e7ylary tarapyndan \u015fu \u00fdyly\u0148 [&hellip;]<\/p>\n","protected":false},"author":4,"featured_media":122063,"comment_status":"open","ping_status":"closed","sticky":false,"template":"","format":"standard","meta":{"footnotes":""},"categories":[3],"tags":[663],"acf":[],"_links":{"self":[{"href":"https:\/\/zamanturkmenistan.com.tm\/index.php?rest_route=\/wp\/v2\/posts\/122062"}],"collection":[{"href":"https:\/\/zamanturkmenistan.com.tm\/index.php?rest_route=\/wp\/v2\/posts"}],"about":[{"href":"https:\/\/zamanturkmenistan.com.tm\/index.php?rest_route=\/wp\/v2\/types\/post"}],"author":[{"embeddable":true,"href":"https:\/\/zamanturkmenistan.com.tm\/index.php?rest_route=\/wp\/v2\/users\/4"}],"replies":[{"embeddable":true,"href":"https:\/\/zamanturkmenistan.com.tm\/index.php?rest_route=%2Fwp%2Fv2%2Fcomments&post=122062"}],"version-history":[{"count":1,"href":"https:\/\/zamanturkmenistan.com.tm\/index.php?rest_route=\/wp\/v2\/posts\/122062\/revisions"}],"predecessor-version":[{"id":122068,"href":"https:\/\/zamanturkmenistan.com.tm\/index.php?rest_route=\/wp\/v2\/posts\/122062\/revisions\/122068"}],"wp:featuredmedia":[{"embeddable":true,"href":"https:\/\/zamanturkmenistan.com.tm\/index.php?rest_route=\/wp\/v2\/media\/122063"}],"wp:attachment":[{"href":"https:\/\/zamanturkmenistan.com.tm\/index.php?rest_route=%2Fwp%2Fv2%2Fmedia&parent=122062"}],"wp:term":[{"taxonomy":"category","embeddable":true,"href":"https:\/\/zamanturkmenistan.com.tm\/index.php?rest_route=%2Fwp%2Fv2%2Fcategories&post=122062"},{"taxonomy":"post_tag","embeddable":true,"href":"https:\/\/zamanturkmenistan.com.tm\/index.php?rest_route=%2Fwp%2Fv2%2Ftags&post=122062"}],"curies":[{"name":"wp","href":"https:\/\/api.w.org\/{rel}","templated":true}]}}