{"id":12262,"date":"2018-02-19T09:16:34","date_gmt":"2018-02-19T04:16:34","guid":{"rendered":"http:\/\/zamanturkmenistan.com\/?p=12262"},"modified":"2018-02-19T09:16:34","modified_gmt":"2018-02-19T04:16:34","slug":"ce%c2%adper-ede%c2%adbi%c2%adyat-bey%c2%adni%c2%adni-is%c2%adjen%c2%adles%c2%addir%c2%adyar","status":"publish","type":"post","link":"https:\/\/zamanturkmenistan.com.tm\/?p=12262","title":{"rendered":"\u00c7e\u00adper ede\u00adbi\u00ad\u00fdat be\u00fd\u00adni\u00adni i\u015f\u00adje\u0148\u00adle\u015f\u00addir\u00ad\u00fd\u00e4r"},"content":{"rendered":"<p>Li\u00adwer\u00adpul uni\u00adwer\u00adsi\u00adte\u00adti\u00adni\u0148 psi\u00adho\u00adlog\u00adla\u00adry we new\u00adro\u00adlog\u00adla\u00adry gyzykly \u00e7e\u00adper ede\u00adbi\u00ad\u00fdat oka\u00adma\u00adk be\u00fd\u00adni\u00adni\u0148 i\u015f\u00adje\u0148\u00adli\u00adgi\u00adni art\u00addyr\u00ad\u00fdar di\u00ad\u00fden ne\u00adti\u00adj\u00e4 gel\u00addi\u00adler. Bar\u00adlag ge\u00ad\u00e7i\u00adri\u00adji\u00adler me\u00fd\u00adle\u00adtin\u00ad\u00e7i\u00adler\u00adden \u015eeks\u00adpi\u00adri\u0148, Words\u00adwor\u00adty\u0148 we Elio\u00adty\u0148 eser\u00adle\u00adri\u00adni\u0148 ha\u00adky\u00adky we \u00fd\u00f6\u00adne\u00adke\u00fd\u00adle\u015f\u00addi\u00adri\u00adlen par\u00ad\u00e7a\u00adla\u00adry\u00adny oka\u00adma\u00adgy ha\u00ad\u00fdy\u015f et\u00addi\u00adler.<br \/>\nBe\u00fd\u00adni\u00adni\u0148 her bir t\u00e4\u00adze s\u00f6\u00adze jo\u00adgap ber\u00ad\u015fi mag\u00adnit re\u00adzo\u00adnans to\u00admog\u00adra\u00adfi\u00ad\u00fda\u00adsy ar\u00adka\u00adly bar\u00adla\u00adnyl\u00addy. Al\u00adnan \u015fe\u00adkil\u00adler\u00adde \u00e7yl\u00ad\u015fy\u00adrym\u00adly s\u00f6z d\u00fc\u00adz\u00fcm\u00adle\u00adrin\u00adden yba\u00adrat ha\u00adky\u00adky tekst\u00adler be\u00fd\u00adni\u00adde g\u00fc\u00fd\u00e7\u00adli ses\u00adlen\u00adme d\u00f6\u00adre\u00addip, has \u00fdo\u00adka\u00adry i\u015f\u00adje\u0148\u00adligi ta\u00adlap eden\u00addi\u00adgi we me\u00fd\u00adle\u00adtin\u00ad\u00e7i\u00adler\u00adde oka\u00adma\u00adgy\u00adny do\u00adwam et\u00addir\u00adm\u00e4\u00adge h\u00f6\u00adwes d\u00f6\u00adre\u00adden\u00addi\u00adgi bel\u00adli bo\u00adlup\u00addyr.<br \/>\n\u015eo\u00adnu\u0148 \u00fda\u00adly hem \u015fyg\u00adyr oka\u00admak a\u00fd\u00adra\u00adty\u00adnam, be\u00fd\u00adni\u00adni\u0148 sag ta\u00adra\u00adpyn\u00adda\u00adky \u00fda\u00adrym \u015fa\u00adry i\u015f\u00adje\u0148\u00adle\u015f\u00addir\u00ad\u00fd\u00e4r. Be\u00fd\u00adni\u00adni\u0148 sag \u015fa\u00adryn\u00adda aw\u00adto\u00adbi\u00adog\u00adra\u00adfik \u00fdat bo\u00adlup, oky\u00adja okan zat\u00adla\u00adry\u00adny\u0148 esa\u00adsyn\u00adda \u015fah\u00adsy tej\u00adri\u00adbe top\u00adla\u00adma\u00adga \u00fdar\u00addam ber\u00ad\u00fd\u00e4n\u00addi\u00adgi \u00e4\u015f\u00adg\u00e4r bol\u00addy.<br \/>\n\u2013 Ge\u00ad\u00e7i\u00adri\u00adlen bar\u00adlag\u00adlar ede\u00adbi\u00ad\u00fda\u00adty\u0148 a\u0148-d\u00fc\u00ad\u015f\u00fcn\u00adj\u00e4\u00adni t\u00e4\u00adze be\u00adlent\u00adlik\u00adle\u00adre \u00fde\u00adtir\u00adm\u00e4\u00adge, uly-ki\u00ad\u00e7i hem\u00adm\u00e4\u00adni\u0148 a\u0148y\u00adny \u00f6s\u00add\u00fcr\u00adm\u00e4\u00adge ukyp\u00adly\u00addy\u00adgy\u00adny su\u00adbut et\u00addi \u2013 di\u00ad\u00fdip, i\u0148\u00adlis di\u00adli ede\u00adbi\u00ad\u00fda\u00adtyn\u00ady\u0148 pro\u00adfes\u00adsory Fi\u00adlipp De\u00adwid m\u00e4\u00adlim ed\u00ad\u00fd\u00e4r.<\/p>\n","protected":false},"excerpt":{"rendered":"<p>Li\u00adwer\u00adpul uni\u00adwer\u00adsi\u00adte\u00adti\u00adni\u0148 psi\u00adho\u00adlog\u00adla\u00adry we new\u00adro\u00adlog\u00adla\u00adry gyzykly \u00e7e\u00adper ede\u00adbi\u00ad\u00fdat oka\u00adma\u00adk be\u00fd\u00adni\u00adni\u0148 i\u015f\u00adje\u0148\u00adli\u00adgi\u00adni art\u00addyr\u00ad\u00fdar di\u00ad\u00fden ne\u00adti\u00adj\u00e4 gel\u00addi\u00adler. Bar\u00adlag ge\u00ad\u00e7i\u00adri\u00adji\u00adler me\u00fd\u00adle\u00adtin\u00ad\u00e7i\u00adler\u00adden \u015eeks\u00adpi\u00adri\u0148, Words\u00adwor\u00adty\u0148 we Elio\u00adty\u0148 eser\u00adle\u00adri\u00adni\u0148 ha\u00adky\u00adky we \u00fd\u00f6\u00adne\u00adke\u00fd\u00adle\u015f\u00addi\u00adri\u00adlen par\u00ad\u00e7a\u00adla\u00adry\u00adny oka\u00adma\u00adgy ha\u00ad\u00fdy\u015f et\u00addi\u00adler. Be\u00fd\u00adni\u00adni\u0148 her bir t\u00e4\u00adze s\u00f6\u00adze jo\u00adgap ber\u00ad\u015fi mag\u00adnit re\u00adzo\u00adnans to\u00admog\u00adra\u00adfi\u00ad\u00fda\u00adsy ar\u00adka\u00adly bar\u00adla\u00adnyl\u00addy. Al\u00adnan \u015fe\u00adkil\u00adler\u00adde \u00e7yl\u00ad\u015fy\u00adrym\u00adly s\u00f6z d\u00fc\u00adz\u00fcm\u00adle\u00adrin\u00adden yba\u00adrat ha\u00adky\u00adky tekst\u00adler be\u00fd\u00adni\u00adde g\u00fc\u00fd\u00e7\u00adli ses\u00adlen\u00adme d\u00f6\u00adre\u00addip, has [&hellip;]<\/p>\n","protected":false},"author":1,"featured_media":12263,"comment_status":"open","ping_status":"closed","sticky":false,"template":"","format":"standard","meta":{"footnotes":""},"categories":[11],"tags":[],"acf":[],"_links":{"self":[{"href":"https:\/\/zamanturkmenistan.com.tm\/index.php?rest_route=\/wp\/v2\/posts\/12262"}],"collection":[{"href":"https:\/\/zamanturkmenistan.com.tm\/index.php?rest_route=\/wp\/v2\/posts"}],"about":[{"href":"https:\/\/zamanturkmenistan.com.tm\/index.php?rest_route=\/wp\/v2\/types\/post"}],"author":[{"embeddable":true,"href":"https:\/\/zamanturkmenistan.com.tm\/index.php?rest_route=\/wp\/v2\/users\/1"}],"replies":[{"embeddable":true,"href":"https:\/\/zamanturkmenistan.com.tm\/index.php?rest_route=%2Fwp%2Fv2%2Fcomments&post=12262"}],"version-history":[{"count":0,"href":"https:\/\/zamanturkmenistan.com.tm\/index.php?rest_route=\/wp\/v2\/posts\/12262\/revisions"}],"wp:featuredmedia":[{"embeddable":true,"href":"https:\/\/zamanturkmenistan.com.tm\/index.php?rest_route=\/wp\/v2\/media\/12263"}],"wp:attachment":[{"href":"https:\/\/zamanturkmenistan.com.tm\/index.php?rest_route=%2Fwp%2Fv2%2Fmedia&parent=12262"}],"wp:term":[{"taxonomy":"category","embeddable":true,"href":"https:\/\/zamanturkmenistan.com.tm\/index.php?rest_route=%2Fwp%2Fv2%2Fcategories&post=12262"},{"taxonomy":"post_tag","embeddable":true,"href":"https:\/\/zamanturkmenistan.com.tm\/index.php?rest_route=%2Fwp%2Fv2%2Ftags&post=12262"}],"curies":[{"name":"wp","href":"https:\/\/api.w.org\/{rel}","templated":true}]}}