{"id":122646,"date":"2024-12-11T20:09:12","date_gmt":"2024-12-11T15:09:12","guid":{"rendered":"https:\/\/zamanturkmenistan.com.tm\/?p=122646"},"modified":"2024-12-11T20:09:12","modified_gmt":"2024-12-11T15:09:12","slug":"turkmenistanyn-mejlisinin-baslygy-belgiya-patysalygynyn-adatdan-dasary-we-doly-ygtyyarly-ilcisini-kabul-etdi","status":"publish","type":"post","link":"https:\/\/zamanturkmenistan.com.tm\/?p=122646","title":{"rendered":"T\u00fcrkmenistany\u0148 Mejlisini\u0148 Ba\u015flygy Belgi\u00fda Paty\u015falygyny\u0148 Adatdan da\u015fary we Doly ygty\u00fdarly Il\u00e7isini kabul etdi"},"content":{"rendered":"<p>10-njy dekabrda Prezident Serdar Berdimuhamedowy\u0148 tab\u015fyrygy bo\u00fdun\u00e7a Mejlisi\u0148 Ba\u015flygy D\u00fcn\u00fd\u00e4g\u00f6zel Gulmanowa Belgi\u00fda Paty\u015falygyny\u0148 T\u00fcrkmenistanda t\u00e4ze bellenen Adatdan da\u015fary we Doly ygty\u00fdarly Il\u00e7isi \u017d\u00fdul\u00fden de Fra\u00fdpondan ynan\u00e7 hatyny kabul etdi.<br \/>\nMilli Parlamenti\u0148 \u00fdolba\u015f\u00e7ysy Il\u00e7ini d\u00f6wlet Ba\u015ftutanyny\u0148 adyndan T\u00fcrkmenistanda i\u015fe ba\u015flamagy bilen gutlap, o\u0148a T\u00fcrkmenistan bilen Belgi\u00fdany\u0148 arasynda dostluk, hyzmatda\u015flyk gatna\u015fyklaryny berkitmegi\u0148 b\u00e4hbidine g\u00f6n\u00fckdirilen jogapk\u00e4rli diplomatik wezipesinde \u00fcst\u00fcnlikleri arzuw etdi.<br \/>\nHo\u015fni\u00fdetli s\u00f6zler we bildirilen myhmans\u00f6\u00fderlik \u00fc\u00e7in ho\u015fallyk bildirip, Il\u00e7i Belgi\u00fdany\u0148 Paty\u015fasy Filippi\u0148 Prezident Serdar Berdimuhamedowa, t\u00fcrkmen halkyny\u0148 Milli Lideri, T\u00fcrkmenistany\u0148 Halk Maslahatyny\u0148 Ba\u015flygy Gahryman Arkadagymyza iberen m\u00e4hirli salamyny, i\u0148 gowy arzuwlaryny \u00fdetirdi.<br \/>\nNetijeli \u00fdagda\u00fdda ge\u00e7en du\u015fu\u015fygy\u0148 dowamynda belgi\u00fdaly diplomat m\u00f6h\u00fcm ugurlaryny\u0148 biri umumy b\u00e4hbitleri\u0148 hatyrasyna gi\u0148 halkara hyzmatda\u015flygy \u00f6sd\u00fcrmek bolan T\u00fcrkmenistany\u0148 i\u00e7eri we da\u015fary sy\u00fdasatyny\u0148 ileri tutul\u00fdan ugurlary bilen gi\u0148i\u015fle\u00fdin tany\u015fdyryldy.<br \/>\nT\u00fcrkmenistany\u0148 Mejlisini\u0148 Ba\u015flygy t\u00fcrkmen halkyny\u0148 abadan\u00e7ylygyny\u0148 b\u00e4hbidine \u00fdurtda durmu\u015fa ge\u00e7iril\u00fd\u00e4n gi\u0148 gerimli \u00f6zgertmeler barada g\u00fcrr\u00fc\u0148 berdi.<br \/>\nDurmu\u015f ugurly d\u00f6wlet sy\u00fdasatyna a\u00fdratyn \u00fcns \u00e7ekildi. Onu\u0148 \u00e7\u00e4klerinde \u00fdurdu\u0148 \u00e4hli k\u00fcnjeklerinde d\u00f6wrebap \u00e7agalar baglaryny\u0148, mekdepleri\u0148, lukman\u00e7ylyk, ylmy merkezlerini\u0148, sport we medeni maksatly desgalary\u0148, o\u0148a\u00fdly \u00fda\u015fa\u00fdy\u015f ja\u00fdlaryny\u0148 gurlu\u015fyklary g\u00fc\u00fd\u00e7li depginde alnyp baryl\u00fdar.<br \/>\nS\u00f6hbetde\u015fligi\u0148 dowamynda ikitarapla\u00fdyn we k\u00f6ptarapla\u00fdyn esasda alnyp baryl\u00fdan d\u00f6wletara hyzmatda\u015flygy\u0148 m\u00f6h\u00fcm ugurlary barada pikir al\u015fyldy.<br \/>\nT\u00fcrkmen-belgi\u00fda parlamentara gatna\u015fyklaryny i\u015fje\u0148le\u015fdirmegi\u0148 m\u00fcmkin\u00e7ilikleri maslahatla\u015fmalary\u0148 a\u00fdratyn meselesi boldy. Bellenili\u015fi \u00fdaly, bu gatna\u015fyklary\u0148 gi\u0148eldilmegi sy\u00fdasy-diplomatik, s\u00f6wda-ykdysady, medeni-ynsanperwer dialogy\u0148 i\u015fje\u0148le\u015fdirilmegine \u00fdardam eder.<br \/>\nDu\u015fu\u015fygy\u0148 ahyrynda Belgi\u00fda Paty\u015falygyny\u0148 T\u00fcrkmenistandaky Adatdan da\u015fary we Doly ygty\u00fdarly Il\u00e7isi \u017d\u00fdul\u00fden de Fra\u00fdpon iki \u00fdurdu\u0148 arasynda dostlukly gatna\u015fyklary mundan be\u00fdl\u00e4k-de \u00e7u\u0148la\u015fdyrmakda \u00e4hli tagallalaryny ga\u00fdgyrmajakdygyna ynandyrdy.<\/p>\n","protected":false},"excerpt":{"rendered":"<p>10-njy dekabrda Prezident Serdar Berdimuhamedowy\u0148 tab\u015fyrygy bo\u00fdun\u00e7a Mejlisi\u0148 Ba\u015flygy D\u00fcn\u00fd\u00e4g\u00f6zel Gulmanowa Belgi\u00fda Paty\u015falygyny\u0148 T\u00fcrkmenistanda t\u00e4ze bellenen Adatdan da\u015fary we Doly ygty\u00fdarly Il\u00e7isi \u017d\u00fdul\u00fden de Fra\u00fdpondan ynan\u00e7 hatyny kabul etdi. Milli Parlamenti\u0148 \u00fdolba\u015f\u00e7ysy Il\u00e7ini d\u00f6wlet Ba\u015ftutanyny\u0148 adyndan T\u00fcrkmenistanda i\u015fe ba\u015flamagy bilen gutlap, o\u0148a T\u00fcrkmenistan bilen Belgi\u00fdany\u0148 arasynda dostluk, hyzmatda\u015flyk gatna\u015fyklaryny berkitmegi\u0148 b\u00e4hbidine g\u00f6n\u00fckdirilen jogapk\u00e4rli diplomatik wezipesinde [&hellip;]<\/p>\n","protected":false},"author":2,"featured_media":122647,"comment_status":"open","ping_status":"closed","sticky":false,"template":"","format":"standard","meta":{"footnotes":""},"categories":[3],"tags":[],"acf":[],"_links":{"self":[{"href":"https:\/\/zamanturkmenistan.com.tm\/index.php?rest_route=\/wp\/v2\/posts\/122646"}],"collection":[{"href":"https:\/\/zamanturkmenistan.com.tm\/index.php?rest_route=\/wp\/v2\/posts"}],"about":[{"href":"https:\/\/zamanturkmenistan.com.tm\/index.php?rest_route=\/wp\/v2\/types\/post"}],"author":[{"embeddable":true,"href":"https:\/\/zamanturkmenistan.com.tm\/index.php?rest_route=\/wp\/v2\/users\/2"}],"replies":[{"embeddable":true,"href":"https:\/\/zamanturkmenistan.com.tm\/index.php?rest_route=%2Fwp%2Fv2%2Fcomments&post=122646"}],"version-history":[{"count":1,"href":"https:\/\/zamanturkmenistan.com.tm\/index.php?rest_route=\/wp\/v2\/posts\/122646\/revisions"}],"predecessor-version":[{"id":122648,"href":"https:\/\/zamanturkmenistan.com.tm\/index.php?rest_route=\/wp\/v2\/posts\/122646\/revisions\/122648"}],"wp:featuredmedia":[{"embeddable":true,"href":"https:\/\/zamanturkmenistan.com.tm\/index.php?rest_route=\/wp\/v2\/media\/122647"}],"wp:attachment":[{"href":"https:\/\/zamanturkmenistan.com.tm\/index.php?rest_route=%2Fwp%2Fv2%2Fmedia&parent=122646"}],"wp:term":[{"taxonomy":"category","embeddable":true,"href":"https:\/\/zamanturkmenistan.com.tm\/index.php?rest_route=%2Fwp%2Fv2%2Fcategories&post=122646"},{"taxonomy":"post_tag","embeddable":true,"href":"https:\/\/zamanturkmenistan.com.tm\/index.php?rest_route=%2Fwp%2Fv2%2Ftags&post=122646"}],"curies":[{"name":"wp","href":"https:\/\/api.w.org\/{rel}","templated":true}]}}