{"id":122707,"date":"2024-12-14T09:10:23","date_gmt":"2024-12-14T04:10:23","guid":{"rendered":"https:\/\/zamanturkmenistan.com.tm\/?p=122707"},"modified":"2024-12-14T09:10:23","modified_gmt":"2024-12-14T04:10:23","slug":"swesiya-patysalygynyn-turkmenistandaky-ilcisi-bilen-bolan-dususyk","status":"publish","type":"post","link":"https:\/\/zamanturkmenistan.com.tm\/?p=122707","title":{"rendered":"\u015ewesi\u00fda Paty\u015falygyny\u0148 T\u00fcrkmenistandaky Il\u00e7isi bilen bolan du\u015fu\u015fyk"},"content":{"rendered":"<p>12-nji dekabrda T\u00fcrkmenistany\u0148 DIM-de Da\u015fary i\u015fler ministrini\u0148 orunbasary M\u00e4hri B\u00e4\u015fimowa bilen Halkara Bitaraplyk g\u00fcni mynasybetli T\u00fcrkmenistanda saparda bol\u00fdan \u015ewesi\u00fda Paty\u015falygyny\u0148 T\u00fcrkmenistandaky Il\u00e7isi (otur\u00fdan \u00fderi Stokgolm \u015f.) Tomas Danestady\u0148 arasynda du\u015fu\u015fyk ge\u00e7irildi.<br \/>\nDu\u015fu\u015fygy\u0148 bar\u015fynda taraplar T\u00fcrkmenistan bilen \u015ewesi\u00fdany\u0148 arasyndaky sy\u00fdasy-diplomatik, s\u00f6wda-ykdysady ugurlarda ikitarapla\u00fdyn gatna\u015fyklary\u0148 yzygiderli \u00f6sd\u00fcril\u00fd\u00e4ndigini bellediler.<br \/>\n\u015eu \u00fdyly\u0148 sent\u00fdabrynda Stokgolmda ge\u00e7irilen t\u00fcrkmen-\u015fwed sy\u00fdasy ge\u0148e\u015fmeleri\u0148 \u00e4hmi\u00fdeti barada durup ge\u00e7mek bilen, diplomatlar bu tejrib\u00e4ni dowam etdirmegi\u0148 maksadala\u00fdykdygyny nygtadylar. Iki \u00fdurdu\u0148 k\u00f6ptarapla\u00fdyn g\u00f6rn\u00fc\u015fd\u00e4ki, hususan-da, BMG-ni\u0148 we \u00ddB-ni\u0148 \u00e7\u00e4klerind\u00e4ki \u00f6zara gatna\u015fyklaryny\u0148 netijelidigi bellenildi.<br \/>\nDu\u015fu\u015fykda medeni-ynsanperwer hyzmatda\u015flygyny\u0148 \u00f6sd\u00fcrilmegine hem a\u00fdratyn \u00fcns berildi. Bu babatda taraplar anyk ba\u015flangy\u00e7lary ara alyp maslahatla\u015fdylar.<\/p>\n","protected":false},"excerpt":{"rendered":"<p>12-nji dekabrda T\u00fcrkmenistany\u0148 DIM-de Da\u015fary i\u015fler ministrini\u0148 orunbasary M\u00e4hri B\u00e4\u015fimowa bilen Halkara Bitaraplyk g\u00fcni mynasybetli T\u00fcrkmenistanda saparda bol\u00fdan \u015ewesi\u00fda Paty\u015falygyny\u0148 T\u00fcrkmenistandaky Il\u00e7isi (otur\u00fdan \u00fderi Stokgolm \u015f.) Tomas Danestady\u0148 arasynda du\u015fu\u015fyk ge\u00e7irildi. Du\u015fu\u015fygy\u0148 bar\u015fynda taraplar T\u00fcrkmenistan bilen \u015ewesi\u00fdany\u0148 arasyndaky sy\u00fdasy-diplomatik, s\u00f6wda-ykdysady ugurlarda ikitarapla\u00fdyn gatna\u015fyklary\u0148 yzygiderli \u00f6sd\u00fcril\u00fd\u00e4ndigini bellediler. \u015eu \u00fdyly\u0148 sent\u00fdabrynda Stokgolmda ge\u00e7irilen t\u00fcrkmen-\u015fwed sy\u00fdasy ge\u0148e\u015fmeleri\u0148 \u00e4hmi\u00fdeti [&hellip;]<\/p>\n","protected":false},"author":2,"featured_media":122708,"comment_status":"open","ping_status":"closed","sticky":false,"template":"","format":"standard","meta":{"footnotes":""},"categories":[3],"tags":[],"acf":[],"_links":{"self":[{"href":"https:\/\/zamanturkmenistan.com.tm\/index.php?rest_route=\/wp\/v2\/posts\/122707"}],"collection":[{"href":"https:\/\/zamanturkmenistan.com.tm\/index.php?rest_route=\/wp\/v2\/posts"}],"about":[{"href":"https:\/\/zamanturkmenistan.com.tm\/index.php?rest_route=\/wp\/v2\/types\/post"}],"author":[{"embeddable":true,"href":"https:\/\/zamanturkmenistan.com.tm\/index.php?rest_route=\/wp\/v2\/users\/2"}],"replies":[{"embeddable":true,"href":"https:\/\/zamanturkmenistan.com.tm\/index.php?rest_route=%2Fwp%2Fv2%2Fcomments&post=122707"}],"version-history":[{"count":1,"href":"https:\/\/zamanturkmenistan.com.tm\/index.php?rest_route=\/wp\/v2\/posts\/122707\/revisions"}],"predecessor-version":[{"id":122709,"href":"https:\/\/zamanturkmenistan.com.tm\/index.php?rest_route=\/wp\/v2\/posts\/122707\/revisions\/122709"}],"wp:featuredmedia":[{"embeddable":true,"href":"https:\/\/zamanturkmenistan.com.tm\/index.php?rest_route=\/wp\/v2\/media\/122708"}],"wp:attachment":[{"href":"https:\/\/zamanturkmenistan.com.tm\/index.php?rest_route=%2Fwp%2Fv2%2Fmedia&parent=122707"}],"wp:term":[{"taxonomy":"category","embeddable":true,"href":"https:\/\/zamanturkmenistan.com.tm\/index.php?rest_route=%2Fwp%2Fv2%2Fcategories&post=122707"},{"taxonomy":"post_tag","embeddable":true,"href":"https:\/\/zamanturkmenistan.com.tm\/index.php?rest_route=%2Fwp%2Fv2%2Ftags&post=122707"}],"curies":[{"name":"wp","href":"https:\/\/api.w.org\/{rel}","templated":true}]}}