{"id":122909,"date":"2024-12-18T09:31:36","date_gmt":"2024-12-18T04:31:36","guid":{"rendered":"https:\/\/zamanturkmenistan.com.tm\/?p=122909"},"modified":"2024-12-18T09:31:36","modified_gmt":"2024-12-18T04:31:36","slug":"turkmenistanyn-prezidenti-katar-dowletinin-emirini-gutlady","status":"publish","type":"post","link":"https:\/\/zamanturkmenistan.com.tm\/?p=122909","title":{"rendered":"T\u00fcrkmenistany\u0148 Prezidenti Katar D\u00f6wletini\u0148 Emirini gutlady"},"content":{"rendered":"<p>Hormatly Prezidentimiz Serdar Berdimuhamedow T\u00fcrkmenistany\u0148 halkyny\u0148 we H\u00f6k\u00fcmetini\u0148 adyndan, \u015fe\u00fdle hem hut \u00f6z adyndan Katar D\u00f6wletini\u0148 Emiri \u015ee\u00fdh Tamim bin Hamad Al Tan\u00e4 we \u00fdurdu\u0148 \u00e4hli halkyna Katar D\u00f6wletini\u0148 Milli g\u00fcni mynasybetli t\u00fc\u00fds \u00fd\u00fcrekden gutlaglaryny, i\u0148 gowy arzuwlaryny iberdi.<br \/>\nHormatly Prezidentimiz gutlag hatynda T\u00fcrkmenistan bilen Katary\u0148 arasyndaky gatna\u015fyklary\u0148 yzygiderli berkidil\u00fd\u00e4ndigini we t\u00e4ze mazmun bilen ba\u00fdla\u015fdyryl\u00fdandygyny bell\u00e4p, ikitarapla\u00fdyn hyzmatda\u015flygy\u0148 mundan be\u00fdl\u00e4k-de \u00f6sd\u00fcrilmegine hem-de t\u00e4ze sepgitlere \u00fdetirilmegine uly gyzyklanma bildiril\u00fd\u00e4ndigini tassyklady.<br \/>\nD\u00f6wlet Ba\u015ftutanymyz m\u00fcmkin\u00e7ilikden pe\u00fddalanyp, Katar D\u00f6wletini\u0148 Emiri \u015ee\u00fdh Tamim bin Hamad Al Tan\u00e4 t\u00fc\u00fds \u00fd\u00fcrekden berk jan saglyk, abadan\u00e7ylyk, asylly i\u015finde \u00fcst\u00fcnlikleri, Katary\u0148 doganlyk halkyna bolsa parahat\u00e7ylyk, \u00f6\u0148egidi\u015flik, rowa\u00e7lyk arzuw etdi.<\/p>\n","protected":false},"excerpt":{"rendered":"<p>Hormatly Prezidentimiz Serdar Berdimuhamedow T\u00fcrkmenistany\u0148 halkyny\u0148 we H\u00f6k\u00fcmetini\u0148 adyndan, \u015fe\u00fdle hem hut \u00f6z adyndan Katar D\u00f6wletini\u0148 Emiri \u015ee\u00fdh Tamim bin Hamad Al Tan\u00e4 we \u00fdurdu\u0148 \u00e4hli halkyna Katar D\u00f6wletini\u0148 Milli g\u00fcni mynasybetli t\u00fc\u00fds \u00fd\u00fcrekden gutlaglaryny, i\u0148 gowy arzuwlaryny iberdi. Hormatly Prezidentimiz gutlag hatynda T\u00fcrkmenistan bilen Katary\u0148 arasyndaky gatna\u015fyklary\u0148 yzygiderli berkidil\u00fd\u00e4ndigini we t\u00e4ze mazmun bilen ba\u00fdla\u015fdyryl\u00fdandygyny [&hellip;]<\/p>\n","protected":false},"author":2,"featured_media":69347,"comment_status":"open","ping_status":"closed","sticky":false,"template":"","format":"standard","meta":{"footnotes":""},"categories":[3],"tags":[],"acf":[],"_links":{"self":[{"href":"https:\/\/zamanturkmenistan.com.tm\/index.php?rest_route=\/wp\/v2\/posts\/122909"}],"collection":[{"href":"https:\/\/zamanturkmenistan.com.tm\/index.php?rest_route=\/wp\/v2\/posts"}],"about":[{"href":"https:\/\/zamanturkmenistan.com.tm\/index.php?rest_route=\/wp\/v2\/types\/post"}],"author":[{"embeddable":true,"href":"https:\/\/zamanturkmenistan.com.tm\/index.php?rest_route=\/wp\/v2\/users\/2"}],"replies":[{"embeddable":true,"href":"https:\/\/zamanturkmenistan.com.tm\/index.php?rest_route=%2Fwp%2Fv2%2Fcomments&post=122909"}],"version-history":[{"count":1,"href":"https:\/\/zamanturkmenistan.com.tm\/index.php?rest_route=\/wp\/v2\/posts\/122909\/revisions"}],"predecessor-version":[{"id":122910,"href":"https:\/\/zamanturkmenistan.com.tm\/index.php?rest_route=\/wp\/v2\/posts\/122909\/revisions\/122910"}],"wp:featuredmedia":[{"embeddable":true,"href":"https:\/\/zamanturkmenistan.com.tm\/index.php?rest_route=\/wp\/v2\/media\/69347"}],"wp:attachment":[{"href":"https:\/\/zamanturkmenistan.com.tm\/index.php?rest_route=%2Fwp%2Fv2%2Fmedia&parent=122909"}],"wp:term":[{"taxonomy":"category","embeddable":true,"href":"https:\/\/zamanturkmenistan.com.tm\/index.php?rest_route=%2Fwp%2Fv2%2Fcategories&post=122909"},{"taxonomy":"post_tag","embeddable":true,"href":"https:\/\/zamanturkmenistan.com.tm\/index.php?rest_route=%2Fwp%2Fv2%2Ftags&post=122909"}],"curies":[{"name":"wp","href":"https:\/\/api.w.org\/{rel}","templated":true}]}}