{"id":122952,"date":"2024-12-19T10:30:10","date_gmt":"2024-12-19T05:30:10","guid":{"rendered":"https:\/\/zamanturkmenistan.com.tm\/?p=122952"},"modified":"2024-12-19T11:22:35","modified_gmt":"2024-12-19T06:22:35","slug":"turkmen-malay-geplesikleri-gecirildi","status":"publish","type":"post","link":"https:\/\/zamanturkmenistan.com.tm\/?p=122952","title":{"rendered":"T\u00fcrkmen-mala\u00fd geple\u015fikleri ge\u00e7irildi"},"content":{"rendered":"<p>\u015eu g\u00fcn Kuala-Lumpurda ilkinji gezek resmi saparda bol\u00fdan hormatly Prezidentimiz Serdar Berdimuhamedow bilen Mala\u00fdzi\u00fdany\u0148 Prem\u00fder-ministri Dato Seri Anwar Ibrahimi\u0148 arasynda \u00fdokary derejeli geple\u015fikler ge\u00e7irildi.<br \/>\nD\u00e4p bol\u015fy \u00fdaly, belent mertebeli t\u00fcrkmen myhmanyny resmi ta\u00fddan gar\u015fylamak dabarasy Kuala-Lumpurdan 20 kilometr uzaklykdaky Mala\u00fdzi\u00fdany\u0148 h\u00e4zirki zaman dolandyry\u015f merkezi hasaplan\u00fdan Putraja\u00fda \u015f\u00e4herinde ge\u00e7irildi. 1995-nji \u00fdylda esaslandyrylan bu \u015f\u00e4herde Prem\u00fder-ministri\u0148 we H\u00f6k\u00fcmeti\u0148 i\u015f kabulhanasy \u00fderle\u015f\u00fd\u00e4r.<br \/>\nDostlukly \u00fdurdu\u0148 H\u00f6k\u00fcmet binasyny\u0148 \u00f6\u0148\u00fcnd\u00e4ki Perdana me\u00fddan\u00e7asynda guralan resmi gar\u015fylamak dabarasyndan so\u0148ra, T\u00fcrkmenistany\u0148 Prezidentini\u0148 we Mala\u00fdzi\u00fdany\u0148 Prem\u00fder-ministrini\u0148 iki\u00e7\u00e4k du\u015fu\u015fygy ge\u00e7irildi. Iki halka mahsus a\u00e7yklyk, birek-birege d\u00fc\u015f\u00fcni\u015fmek, \u00f6zara ynany\u015fmak \u00fdagda\u00fdynda ge\u00e7en geple\u015fikleri\u0148 dowamynda taraplar ikitarapla\u00fdyn hyzmatda\u015flygy\u0148 meselelerini ara alyp maslahatla\u015fyp, h\u00e4zirki \u00fdagda\u00fdlary we geljegi nazara almak bilen, onu\u0148 esasy ugurlaryny anykla\u015fdyrdylar. So\u0148ra geple\u015fikler iki \u00fdurdu\u0148 resmi wekili\u00fdetlerini\u0148 gatna\u015fmagynda gi\u0148eldilen d\u00fcz\u00fcmde dowam etdi.<br \/>\nDu\u015fu\u015fygy\u0148 dowamynda hormatly Prezidentimiz hem-de Mala\u00fdzi\u00fdany\u0148 H\u00f6k\u00fcmetini\u0148 Ba\u015ftutany \u00f6zara gatna\u015fyklary\u0148 ileri tutul\u00fdan ugurlary, halkara g\u00fcn tertibini\u0148 gyzyklanma bildiril\u00fd\u00e4n m\u00f6h\u00fcm meseleleri barada pikir aly\u015fdylar. Sy\u00fdasy-diplomatik ugurda, hususan-da, halkara guramalardyr forumlary\u0148 \u00e7\u00e4klerinde \u00e4hlumumy meseleler babatda pikir aly\u015fmagy dowam etdirmegi\u0148 zerurdygy bellenildi. Taraplar energetika pudagynda ikitarapla\u00fdyn hyzmatda\u015flygy \u00e7u\u0148la\u015fdyrmagy\u0148 m\u00f6h\u00fcmdigini nygtap, \u015funda \u00abPETRONAS\u00bb kompani\u00fdasyny\u0148 k\u00f6p\u00fdyllyk o\u0148yn tejribesine a\u00fdratyn \u00fcns \u00e7ekdiler. Iki \u00fdurdu\u0148 arasynda ykdysady gatna\u015fyklary\u0148 hem uly geljegi bar. \u015eo\u0148a g\u00f6r\u00e4, du\u015fu\u015fykda T\u00fcrkmen-mala\u00fd i\u015few\u00fcrler ge\u0148e\u015fini d\u00f6retm\u00e4ge ta\u00fd\u00fdarlyk tassyklanyldy. \u015ee\u00fdle-de ulag, medeni\u00fdet, bilim, sy\u00fdahat\u00e7ylyk, sport babatda ikitarapla\u00fdyn hyzmatda\u015flygy gi\u0148eltmegi\u0148 m\u00f6h\u00fcmdigi nygtaldy.<br \/>\nGeple\u015fikler tamamlanandan so\u0148ra, ikitarapla\u00fdyn resminamalara gol \u00e7ekmek dabarasy boldy. \u015ee\u00fdle-de hormatly Prezidentimiz we Mala\u00fdzi\u00fdany\u0148 Prem\u00fder-ministri \u00fdokary derejeli du\u015fu\u015fygy\u0148 netijeleri bo\u00fdun\u00e7a k\u00f6p\u00e7\u00fclikle\u00fdin habar beri\u015f seri\u015fdelerini\u0148 wekillerine \u00fd\u00fczlenme bilen \u00e7yky\u015f etdiler.<\/p>\n<p>Bu barada \u201cT\u00fcrkmenistan\u201d gazeti habar ber\u00fd\u00e4r.<\/p>\n","protected":false},"excerpt":{"rendered":"<p>\u015eu g\u00fcn Kuala-Lumpurda ilkinji gezek resmi saparda bol\u00fdan hormatly Prezidentimiz Serdar Berdimuhamedow bilen Mala\u00fdzi\u00fdany\u0148 Prem\u00fder-ministri Dato Seri Anwar Ibrahimi\u0148 arasynda \u00fdokary derejeli geple\u015fikler ge\u00e7irildi. D\u00e4p bol\u015fy \u00fdaly, belent mertebeli t\u00fcrkmen myhmanyny resmi ta\u00fddan gar\u015fylamak dabarasy Kuala-Lumpurdan 20 kilometr uzaklykdaky Mala\u00fdzi\u00fdany\u0148 h\u00e4zirki zaman dolandyry\u015f merkezi hasaplan\u00fdan Putraja\u00fda \u015f\u00e4herinde ge\u00e7irildi. 1995-nji \u00fdylda esaslandyrylan bu \u015f\u00e4herde Prem\u00fder-ministri\u0148 we [&hellip;]<\/p>\n","protected":false},"author":2,"featured_media":122958,"comment_status":"open","ping_status":"closed","sticky":false,"template":"","format":"standard","meta":{"footnotes":""},"categories":[3],"tags":[],"acf":[],"_links":{"self":[{"href":"https:\/\/zamanturkmenistan.com.tm\/index.php?rest_route=\/wp\/v2\/posts\/122952"}],"collection":[{"href":"https:\/\/zamanturkmenistan.com.tm\/index.php?rest_route=\/wp\/v2\/posts"}],"about":[{"href":"https:\/\/zamanturkmenistan.com.tm\/index.php?rest_route=\/wp\/v2\/types\/post"}],"author":[{"embeddable":true,"href":"https:\/\/zamanturkmenistan.com.tm\/index.php?rest_route=\/wp\/v2\/users\/2"}],"replies":[{"embeddable":true,"href":"https:\/\/zamanturkmenistan.com.tm\/index.php?rest_route=%2Fwp%2Fv2%2Fcomments&post=122952"}],"version-history":[{"count":3,"href":"https:\/\/zamanturkmenistan.com.tm\/index.php?rest_route=\/wp\/v2\/posts\/122952\/revisions"}],"predecessor-version":[{"id":122959,"href":"https:\/\/zamanturkmenistan.com.tm\/index.php?rest_route=\/wp\/v2\/posts\/122952\/revisions\/122959"}],"wp:featuredmedia":[{"embeddable":true,"href":"https:\/\/zamanturkmenistan.com.tm\/index.php?rest_route=\/wp\/v2\/media\/122958"}],"wp:attachment":[{"href":"https:\/\/zamanturkmenistan.com.tm\/index.php?rest_route=%2Fwp%2Fv2%2Fmedia&parent=122952"}],"wp:term":[{"taxonomy":"category","embeddable":true,"href":"https:\/\/zamanturkmenistan.com.tm\/index.php?rest_route=%2Fwp%2Fv2%2Fcategories&post=122952"},{"taxonomy":"post_tag","embeddable":true,"href":"https:\/\/zamanturkmenistan.com.tm\/index.php?rest_route=%2Fwp%2Fv2%2Ftags&post=122952"}],"curies":[{"name":"wp","href":"https:\/\/api.w.org\/{rel}","templated":true}]}}