{"id":122960,"date":"2024-12-19T11:30:50","date_gmt":"2024-12-19T06:30:50","guid":{"rendered":"https:\/\/zamanturkmenistan.com.tm\/?p=122960"},"modified":"2024-12-19T11:30:50","modified_gmt":"2024-12-19T06:30:50","slug":"turkmen-malay-hyzmatdaslygynyn-yokary-derejesi","status":"publish","type":"post","link":"https:\/\/zamanturkmenistan.com.tm\/?p=122960","title":{"rendered":"T\u00fcrk\u00admen-ma\u00adla\u00fd hyz\u00admat\u00adda\u015f\u00adly\u00adgy\u00adny\u0148 \u00fdo\u00adka\u00adry de\u00adre\u00adje\u00adsi"},"content":{"rendered":"<p>D\u00fc\u00fdn \u2013 18-nji dekabrda hormatly Prezidentimiz Serdar Berdimuhamedowy resmi sapar bilen Mala\u00fdzi\u00fda ugrady. Pa\u00fdtagtymyzy\u0148 Halkara howa menzilinde d\u00f6wlet Ba\u015ftutanymyzy \u00fdurdumyzy\u0148 resmi adamlary ugratdylar.<\/p>\n<p>Azi\u00ad\u00fda\u2014\u00ddu\u00adwa\u015f um\u00adman se\u00adbi\u00adti\u00adni\u0148 \u00fdurt\u00adla\u00adry bi\u00adlen ne\u00adti\u00adje\u00adli gat\u00adna\u00ad\u015fyk\u00adla\u00adry \u00f6s\u00add\u00fcr\u00admek T\u00fcrk\u00adme\u00adnis\u00adta\u00adny\u0148 Bi\u00adta\u00adrap\u00adlyk, pa\u00adra\u00adhat\u00ad\u00e7y\u00adlyk s\u00f6\u00ad\u00fd\u00fc\u00adji\u00adlik, gy\u00adzyk\u00adlan\u00adma bil\u00addir\u00ad\u00fd\u00e4n d\u00f6w\u00adlet\u00adle\u00adri\u0148 \u00e4h\u00adli\u00adsi bi\u00adlen \u00f6za\u00adra b\u00e4h\u00adbit\u00adli, de\u0148\u00adhu\u00adkuk\u00adly hyz\u00admat\u00adda\u015f\u00adlyk \u00fd\u00f6\u00adrel\u00adge\u00adle\u00adri\u00adne esas\u00adlan\u00ad\u00fdan da\u00ad\u015fa\u00adry sy\u00ad\u00fda\u00adsa\u00adty\u00adny\u0148 ile\u00adri tu\u00adtul\u00ad\u00fdan ugur\u00adla\u00adry\u00adny\u0148 bi\u00adri\u00addir. T\u00fcrk\u00admen hal\u00adky\u00adny\u0148 Mil\u00adli Li\u00adde\u00adri, T\u00fcrk\u00adme\u00adnis\u00adta\u00adny\u0148 Halk Mas\u00adla\u00adha\u00adty\u00adny\u0148 Ba\u015f\u00adly\u00adgy Gurbanguly Berdimuhamedowy\u0148 bu ugur\u00adda ba\u00ad\u015fy\u00adny ba\u015f\u00adlan stra\u00adte\u00adgi\u00ad\u00fda\u00adsy h\u00e4\u00adzir\u00adki wagt\u00adda hor\u00admat\u00adly Pre\u00adzi\u00adden\u00adti\u00admiz ta\u00adra\u00adpyn\u00addan yzy\u00adgi\u00adder\u00adli dur\u00admu\u00ad\u015fa ge\u00ad\u00e7i\u00adril\u00ad\u00fd\u00e4r.<br \/>\nT\u00fcrk\u00adme\u00adnis\u00adtan bi\u00adlen Ma\u00adla\u00fd\u00adzi\u00ad\u00fda\u00adny bi\u00adrek-bi\u00adre\u00adge hor\u00admat go\u00fd\u00admak d\u00e4p\u00adle\u00adri\u00adne esas\u00adlan\u00ad\u00fdan dost\u00adluk\u00adly gat\u00adna\u00ad\u015fyk\u00adlar bag\u00adla\u00adny\u015f\u00addyr\u00ad\u00fdar. H\u00e4\u00adzir\u00adki wagt\u00adda \u00fdurt\u00adla\u00adry\u00admy\u00adzy\u0148 hyz\u00admat\u00adda\u015f\u00adly\u00adgy hal\u00adka\u00adra gu\u00adra\u00adma\u00adla\u00adry\u0148, hu\u00adsu\u00adsan-da, Bir\u00adle\u00ad\u015fen Mil\u00adlet\u00adler Gu\u00adra\u00adma\u00adsy\u00adny\u0148, Ys\u00adlam Hyz\u00admat\u00adda\u015f\u00adlyk Gu\u00adra\u00adma\u00adsy\u00adny\u0148, Go\u00ad\u015fu\u00adly\u015f\u00admaz\u00adlyk He\u00adre\u00adke\u00adti\u00adni\u0148 we be\u00fd\u00adle\u00adki hal\u00adka\u00adra d\u00fc\u00adz\u00fcm\u00adle\u00adri\u0148 \u00e7\u00e4k\u00adle\u00adrin\u00adde \u00fcs\u00adt\u00fcn\u00adlik\u00adli \u00f6s\u00add\u00fc\u00adril\u00ad\u00fd\u00e4r. Iki\u00adta\u00adrap\u00adla\u00ad\u00fdyn gat\u00adna\u00ad\u015fyk\u00adlar d\u00fcr\u00adli ugur\u00adlar\u00adda, \u015fol san\u00adda s\u00f6w\u00adda-yk\u00addy\u00adsa\u00addy, me\u00adde\u00adni-yn\u00adsan\u00adper\u00adwer ul\u00adgam\u00adlar\u00adda yzy\u00adgi\u00adder\u00adli pug\u00adta\u00adlan\u00addy\u00adryl\u00ad\u00fdar. D\u00f6w\u00adle\u00adta\u00adra hyz\u00admat\u00adda\u015f\u00adly\u00adgy \u00f6s\u00add\u00fcr\u00admek\u00adde \u00fdo\u00adka\u00adry de\u00adre\u00adje\u00adde ama\u00adla a\u015fy\u00adryl\u00ad\u00fdan \u00f6za\u00adra sa\u00adpar\u00adla\u00adra m\u00f6\u00adh\u00fcm orun de\u00adgi\u015f\u00adli\u00addir. \u015eu\u00adnu\u0148 bi\u00adlen bag\u00adly\u00adlyk\u00adda, Gah\u00adry\u00adman Ar\u00adka\u00adda\u00adgy\u00admy\u00adzy\u0148 Ma\u00adla\u00fd\u00adzi\u00ad\u00fda 2011-nji, 2016-njy \u00fdyl\u00adlar\u00adda ama\u00adla a\u015fy\u00adran res\u00admi hem-de d\u00f6w\u00adlet sa\u00adpar\u00adla\u00adry, dost\u00adluk\u00adly \u00fdur\u00addu\u0148 H\u00f6\u00adk\u00fc\u00admet Ba\u015f\u00adtu\u00adtan\u00adla\u00adry\u00adny\u0148 2014-nji, 2019-njy \u00fdyl\u00adlar\u00adda T\u00fcrk\u00adme\u00adnis\u00adta\u00adna bo\u00adlan sa\u00adpar\u00adla\u00adry mu\u00adnu\u0148 a\u00fd\u00addy\u0148 my\u00adsa\u00adly\u00addyr. \u015eol sa\u00adpar\u00adla\u00adry\u0148 do\u00adwa\u00admyn\u00adda gol \u00e7e\u00adki\u00adlen iki\u00adta\u00adrap\u00adla\u00ad\u00fdyn res\u00admi\u00adna\u00adma\u00adlar hyz\u00admat\u00adda\u015f\u00adly\u00adgy\u0148 yg\u00adty\u00adbar\u00adly \u015fert\u00adna\u00adma-hu\u00adkuk bin\u00ad\u00fda\u00addy\u00adny eme\u00adle ge\u00adtir\u00ad\u00fd\u00e4r.<br \/>\nHor\u00admat\u00adly Pre\u00adzi\u00adden\u00adti\u00admi\u00adzi\u0148 Ma\u00adla\u00fd\u00adzi\u00ad\u00fda ama\u00adla a\u015fyr\u00ad\u00fdan il\u00adkin\u00adji sa\u00adpa\u00adry we \u00fdo\u00adka\u00adry de\u00adre\u00adje\u00add\u00e4\u00adki ge\u00ad\u00e7i\u00adri\u00adlen gep\u00adle\u00ad\u015fik\u00adler hem \u00f6za\u00adra gat\u00adna\u00ad\u015fyk\u00adla\u00adry \u00e7u\u0148\u00adla\u015f\u00addyr\u00admak\u00adda, onu\u0148 ge\u00adri\u00admi\u00adni gi\u00ad\u0148elt\u00admek\u00adde no\u00adbat\u00adda\u00adky tap\u00adgyr bo\u00adlar.<br \/>\nHor\u00admat\u00adly Pre\u00adzi\u00adden\u00adti\u00admi\u00adzi\u0148 u\u00e7a\u00adry Ma\u00adla\u00fd\u00adzi\u00ad\u00fda\u00adny\u0148 pa\u00fd\u00adtag\u00adty\u00adny\u0148 iki \u00fdur\u00addu\u0148 D\u00f6w\u00adlet ba\u00fd\u00addak\u00adla\u00adry bi\u00adlen be\u00adze\u00adlen Hal\u00adka\u00adra ho\u00adwa men\u00adzi\u00adli\u00adne gon\u00addy. Bu \u00fder\u00adde hor\u00admat\u00adly Pre\u00adzi\u00adden\u00adti\u00admi\u00adzi res\u00admi adam\u00adlar gar\u00ad\u015fy\u00adla\u00addy\u00adlar.<br \/>\nMyh\u00adman\u00ads\u00f6\u00ad\u00fder\u00adli\u00adgi\u0148 asyl\u00adly d\u00e4\u00adbi\u00adne g\u00f6\u00adr\u00e4, d\u00f6w\u00adlet Ba\u015f\u00adtu\u00adta\u00adny\u00admy\u00adza g\u00fcl des\u00adse\u00adle\u00adri gow\u00ad\u015fu\u00adryl\u00addy. Be\u00adlent mer\u00adte\u00adbe\u00adli myh\u00adma\u00adny\u0148 hor\u00adma\u00adty\u00adna u\u00e7a\u00adry\u0148 \u00fda\u00adnyn\u00adda d\u00fc\u00ad\u015fe\u00adlen ha\u00adly \u00fdo\u00adda\u00adjy\u00adgy\u00adny\u0148 ug\u00adrun\u00adda Hor\u00admat ga\u00adra\u00adwu\u00adly\u00adny\u0148 es\u00adger\u00adle\u00adri ny\u00adza\u00adma d\u00fc\u00adz\u00fcl\u00addi.<br \/>\nHo\u00adwa men\u00adzi\u00adlin\u00adde hor\u00admat\u00adly Pre\u00adzi\u00adden\u00adti\u00admi\u00adzi\u0148 dost\u00adluk\u00adly \u00fdur\u00addu\u0148 res\u00admi we\u00adki\u00adli bi\u00adlen bo\u00adlan s\u00f6h\u00adbet\u00adde\u015f\u00adli\u00adgi\u00adni\u0148 do\u00adwa\u00admyn\u00adda yzy\u00adgi\u00adder\u00adli \u00f6s\u00add\u00fc\u00adril\u00ad\u00fd\u00e4n t\u00fcrk\u00admen-ma\u00adla\u00fd hyz\u00admat\u00adda\u015f\u00adly\u00adgy\u00adny\u0148 \u00fdo\u00adka\u00adry de\u00adre\u00adje\u00adsi ka\u00adna\u00adgat\u00adlan\u00adma bi\u00adlen bel\u00adle\u00adnil\u00addi. Iki\u00adta\u00adrap\u00adla\u00ad\u00fdyn hyz\u00admat\u00adda\u015f\u00adly\u00adgy\u0148 ba\u00fd tej\u00adri\u00adbe\u00adsi we \u00e4girt uly m\u00fcm\u00adkin\u00ad\u00e7i\u00adlik\u00adler h\u00e4\u00adzir\u00adki d\u00f6\u00adw\u00fcr\u00adde umu\u00admy b\u00e4h\u00adbit\u00adle\u00adre la\u00ad\u00fdyk gel\u00ad\u00fd\u00e4n k\u00f6\u00adpu\u00adgur\u00adly \u00f6za\u00adra gat\u00adna\u00ad\u015fyk\u00adla\u00adry \u00f6s\u00add\u00fcr\u00admek \u00fc\u00e7in amat\u00adly \u015fert\u00adle\u00adri d\u00f6\u00adred\u00ad\u00fd\u00e4r.<\/p>\n","protected":false},"excerpt":{"rendered":"<p>D\u00fc\u00fdn \u2013 18-nji dekabrda hormatly Prezidentimiz Serdar Berdimuhamedowy resmi sapar bilen Mala\u00fdzi\u00fda ugrady. Pa\u00fdtagtymyzy\u0148 Halkara howa menzilinde d\u00f6wlet Ba\u015ftutanymyzy \u00fdurdumyzy\u0148 resmi adamlary ugratdylar. Azi\u00ad\u00fda\u2014\u00ddu\u00adwa\u015f um\u00adman se\u00adbi\u00adti\u00adni\u0148 \u00fdurt\u00adla\u00adry bi\u00adlen ne\u00adti\u00adje\u00adli gat\u00adna\u00ad\u015fyk\u00adla\u00adry \u00f6s\u00add\u00fcr\u00admek T\u00fcrk\u00adme\u00adnis\u00adta\u00adny\u0148 Bi\u00adta\u00adrap\u00adlyk, pa\u00adra\u00adhat\u00ad\u00e7y\u00adlyk s\u00f6\u00ad\u00fd\u00fc\u00adji\u00adlik, gy\u00adzyk\u00adlan\u00adma bil\u00addir\u00ad\u00fd\u00e4n d\u00f6w\u00adlet\u00adle\u00adri\u0148 \u00e4h\u00adli\u00adsi bi\u00adlen \u00f6za\u00adra b\u00e4h\u00adbit\u00adli, de\u0148\u00adhu\u00adkuk\u00adly hyz\u00admat\u00adda\u015f\u00adlyk \u00fd\u00f6\u00adrel\u00adge\u00adle\u00adri\u00adne esas\u00adlan\u00ad\u00fdan da\u00ad\u015fa\u00adry sy\u00ad\u00fda\u00adsa\u00adty\u00adny\u0148 ile\u00adri tu\u00adtul\u00ad\u00fdan ugur\u00adla\u00adry\u00adny\u0148 bi\u00adri\u00addir. T\u00fcrk\u00admen hal\u00adky\u00adny\u0148 Mil\u00adli [&hellip;]<\/p>\n","protected":false},"author":2,"featured_media":122961,"comment_status":"open","ping_status":"closed","sticky":false,"template":"","format":"standard","meta":{"footnotes":""},"categories":[3],"tags":[],"acf":[],"_links":{"self":[{"href":"https:\/\/zamanturkmenistan.com.tm\/index.php?rest_route=\/wp\/v2\/posts\/122960"}],"collection":[{"href":"https:\/\/zamanturkmenistan.com.tm\/index.php?rest_route=\/wp\/v2\/posts"}],"about":[{"href":"https:\/\/zamanturkmenistan.com.tm\/index.php?rest_route=\/wp\/v2\/types\/post"}],"author":[{"embeddable":true,"href":"https:\/\/zamanturkmenistan.com.tm\/index.php?rest_route=\/wp\/v2\/users\/2"}],"replies":[{"embeddable":true,"href":"https:\/\/zamanturkmenistan.com.tm\/index.php?rest_route=%2Fwp%2Fv2%2Fcomments&post=122960"}],"version-history":[{"count":1,"href":"https:\/\/zamanturkmenistan.com.tm\/index.php?rest_route=\/wp\/v2\/posts\/122960\/revisions"}],"predecessor-version":[{"id":122962,"href":"https:\/\/zamanturkmenistan.com.tm\/index.php?rest_route=\/wp\/v2\/posts\/122960\/revisions\/122962"}],"wp:featuredmedia":[{"embeddable":true,"href":"https:\/\/zamanturkmenistan.com.tm\/index.php?rest_route=\/wp\/v2\/media\/122961"}],"wp:attachment":[{"href":"https:\/\/zamanturkmenistan.com.tm\/index.php?rest_route=%2Fwp%2Fv2%2Fmedia&parent=122960"}],"wp:term":[{"taxonomy":"category","embeddable":true,"href":"https:\/\/zamanturkmenistan.com.tm\/index.php?rest_route=%2Fwp%2Fv2%2Fcategories&post=122960"},{"taxonomy":"post_tag","embeddable":true,"href":"https:\/\/zamanturkmenistan.com.tm\/index.php?rest_route=%2Fwp%2Fv2%2Ftags&post=122960"}],"curies":[{"name":"wp","href":"https:\/\/api.w.org\/{rel}","templated":true}]}}