{"id":123088,"date":"2024-12-20T12:31:19","date_gmt":"2024-12-20T07:31:19","guid":{"rendered":"https:\/\/zamanturkmenistan.com.tm\/?p=123088"},"modified":"2024-12-20T12:31:19","modified_gmt":"2024-12-20T07:31:19","slug":"taze-ada-peyda-boldy","status":"publish","type":"post","link":"https:\/\/zamanturkmenistan.com.tm\/?p=123088","title":{"rendered":"T\u00e4ze ada pe\u00fdda boldy"},"content":{"rendered":"<p>Ita\u00adli\u00ad\u00fda\u00adny\u0148 We\u00adne\u00adsi\u00ad\u00fda \u015f\u00e4\u00adhe\u00adri i\u00e7in\u00adden ge\u00e7\u00ad\u00fd\u00e4n ka\u00adnal\u00adlar ar\u00adka\u00adly her \u00fdyl\u00adda \u00fd\u00fcz m\u00fc\u0148\u00adler\u00ad\u00e7e sy\u00ad\u00fda\u00adhat\u00ad\u00e7y\u00adny \u00f6z\u00fc\u00adne \u00e7ek\u00ad\u00fd\u00e4r. Ta\u00adry\u00adhy \u015f\u00e4\u00adhe\u00adri\u0148 go\u00adla\u00ad\u00fdyn\u00adda t\u00e4\u00adze bir ada pe\u00fd\u00adda bol\u00addy. As\u00adlyn\u00adda bu ada her \u00fdy\u00adly\u0148 to\u00admus a\u00fd\u00adla\u00adryn\u00adda pe\u00fd\u00adda bo\u00adlup, so\u0148\u00adra ga\u00fd\u00adta\u00addan \u00fdit\u00ad\u00fd\u00e4r\u00addi. 2020-nji \u00fdyl\u00adda a\u00fd\u00adla\u00adgy g\u00fc\u00fd\u00e7\u00adli tol\u00adkun\u00adlar\u00addan go\u00adra\u00admak \u00fc\u00e7in ben\u00addi\u0148 gu\u00adrul\u00adma\u00adgy bi\u00adlen ada\u00adjyk \u00fdit\u00adme\u00adgi\u0148 de\u00adre\u00adgi\u00adne \u00fdu\u00adwa\u015f-\u00fdu\u00adwa\u015f\u00addan ula\u00adlyp, he\u00admi\u00ad\u015fe\u00adlik ada \u00f6w\u00adr\u00fcl\u00addi. Bu bol\u00adsa \u00fder\u00adli \u00fda\u00ad\u015fa\u00fd\u00adjy\u00adlar we myh\u00adman\u00adlar \u00fc\u00e7in de\u00ad\u0148iz ke\u00adna\u00adryn\u00adda ge\u00adze\u00adlen\u00e7 et\u00admek \u00fc\u00e7in t\u00e4\u00adze m\u00fcm\u00adkin\u00ad\u00e7i\u00adlik d\u00f6\u00adret\u00addi. Uzyn\u00adly\u00adgy 250 metr, ini 10 metr t\u00f6\u00adwe\u00adre\u00adgi bo\u00adlan ada\u00adda e\u00fd\u00ad\u00fd\u00e4m k\u00e4\u00adbir \u00f6s\u00fcm\u00adlik g\u00f6\u00adge\u00adrip ba\u015f\u00adlap\u00addyr. Bi\u00adler\u00admen\u00adler bol\u00adsa bu \u00f6s\u00fcm\u00adlik\u00adle\u00adri\u0148 top\u00adra\u00adgy ero\u00adzi\u00ad\u00fda\u00addan go\u00adrap, ada\u00adny ber\u00adkid\u00ad\u00fd\u00e4n\u00addi\u00adgi\u00adni bel\u00adle\u00ad\u00fd\u00e4r\u00adler.<\/p>\n<p style=\"text-align: right;\"><strong>Ogul\u00adja\u00adhan \u00c7ER\u00adKE\u00adZO\u00adWA, <\/strong><br \/>\n<strong>Wekilbazar etrabyndaky 12-nji \u00e7agalar bagyny\u0148 terbi\u00fde\u00e7isi.<\/strong><\/p>\n","protected":false},"excerpt":{"rendered":"<p>Ita\u00adli\u00ad\u00fda\u00adny\u0148 We\u00adne\u00adsi\u00ad\u00fda \u015f\u00e4\u00adhe\u00adri i\u00e7in\u00adden ge\u00e7\u00ad\u00fd\u00e4n ka\u00adnal\u00adlar ar\u00adka\u00adly her \u00fdyl\u00adda \u00fd\u00fcz m\u00fc\u0148\u00adler\u00ad\u00e7e sy\u00ad\u00fda\u00adhat\u00ad\u00e7y\u00adny \u00f6z\u00fc\u00adne \u00e7ek\u00ad\u00fd\u00e4r. Ta\u00adry\u00adhy \u015f\u00e4\u00adhe\u00adri\u0148 go\u00adla\u00ad\u00fdyn\u00adda t\u00e4\u00adze bir ada pe\u00fd\u00adda bol\u00addy. As\u00adlyn\u00adda bu ada her \u00fdy\u00adly\u0148 to\u00admus a\u00fd\u00adla\u00adryn\u00adda pe\u00fd\u00adda bo\u00adlup, so\u0148\u00adra ga\u00fd\u00adta\u00addan \u00fdit\u00ad\u00fd\u00e4r\u00addi. 2020-nji \u00fdyl\u00adda a\u00fd\u00adla\u00adgy g\u00fc\u00fd\u00e7\u00adli tol\u00adkun\u00adlar\u00addan go\u00adra\u00admak \u00fc\u00e7in ben\u00addi\u0148 gu\u00adrul\u00adma\u00adgy bi\u00adlen ada\u00adjyk \u00fdit\u00adme\u00adgi\u0148 de\u00adre\u00adgi\u00adne \u00fdu\u00adwa\u015f-\u00fdu\u00adwa\u015f\u00addan ula\u00adlyp, he\u00admi\u00ad\u015fe\u00adlik ada \u00f6w\u00adr\u00fcl\u00addi. Bu bol\u00adsa \u00fder\u00adli [&hellip;]<\/p>\n","protected":false},"author":2,"featured_media":123089,"comment_status":"open","ping_status":"closed","sticky":false,"template":"","format":"standard","meta":{"footnotes":""},"categories":[5],"tags":[],"acf":[],"_links":{"self":[{"href":"https:\/\/zamanturkmenistan.com.tm\/index.php?rest_route=\/wp\/v2\/posts\/123088"}],"collection":[{"href":"https:\/\/zamanturkmenistan.com.tm\/index.php?rest_route=\/wp\/v2\/posts"}],"about":[{"href":"https:\/\/zamanturkmenistan.com.tm\/index.php?rest_route=\/wp\/v2\/types\/post"}],"author":[{"embeddable":true,"href":"https:\/\/zamanturkmenistan.com.tm\/index.php?rest_route=\/wp\/v2\/users\/2"}],"replies":[{"embeddable":true,"href":"https:\/\/zamanturkmenistan.com.tm\/index.php?rest_route=%2Fwp%2Fv2%2Fcomments&post=123088"}],"version-history":[{"count":1,"href":"https:\/\/zamanturkmenistan.com.tm\/index.php?rest_route=\/wp\/v2\/posts\/123088\/revisions"}],"predecessor-version":[{"id":123090,"href":"https:\/\/zamanturkmenistan.com.tm\/index.php?rest_route=\/wp\/v2\/posts\/123088\/revisions\/123090"}],"wp:featuredmedia":[{"embeddable":true,"href":"https:\/\/zamanturkmenistan.com.tm\/index.php?rest_route=\/wp\/v2\/media\/123089"}],"wp:attachment":[{"href":"https:\/\/zamanturkmenistan.com.tm\/index.php?rest_route=%2Fwp%2Fv2%2Fmedia&parent=123088"}],"wp:term":[{"taxonomy":"category","embeddable":true,"href":"https:\/\/zamanturkmenistan.com.tm\/index.php?rest_route=%2Fwp%2Fv2%2Fcategories&post=123088"},{"taxonomy":"post_tag","embeddable":true,"href":"https:\/\/zamanturkmenistan.com.tm\/index.php?rest_route=%2Fwp%2Fv2%2Ftags&post=123088"}],"curies":[{"name":"wp","href":"https:\/\/api.w.org\/{rel}","templated":true}]}}