{"id":123091,"date":"2024-12-20T12:32:33","date_gmt":"2024-12-20T07:32:33","guid":{"rendered":"https:\/\/zamanturkmenistan.com.tm\/?p=123091"},"modified":"2024-12-24T09:28:18","modified_gmt":"2024-12-24T04:28:18","slug":"ilkinji-gezek-gaminin-dasyna-cykdylar","status":"publish","type":"post","link":"https:\/\/zamanturkmenistan.com.tm\/?p=123091","title":{"rendered":"Ilkinji gezek g\u00e4mini\u0148 da\u015fyna \u00e7ykdylar"},"content":{"rendered":"<p>M\u00e4\u00adlim bol\u00ad\u015fy \u00fda\u00adly, Hy\u00adta\u00fd ge\u00ad\u00e7en \u00fdyl \u00dde\u00adri\u0148 a\u015fa\u00adky or\u00adbi\u00adta\u00adsyn\u00adda \u00f6z\u00adba\u015f\u00addak kos\u00admos stan\u00adsi\u00ad\u00fda\u00adny gu\u00adrup, ula\u00adny\u00ad\u015fa gi\u00adri\u00adzip\u00addi. \u015eu \u00fdy\u00adly\u0148 30-njy okt\u00ad\u00fdab\u00adryn\u00adda \u00abShenz\u00adhou-19\u00bb kos\u00admos g\u00e4\u00admi\u00adsi bi\u00adlen be\u00adke\u00adde ba\u00adran hy\u00adta\u00fd\u00adly kos\u00admo\u00adnawt\u00adlar il\u00adkin\u00adji ge\u00adzek g\u00e4\u00admi\u00adni\u0148 da\u00ad\u015fy\u00adna \u00e7yk\u00addy\u00adlar. G\u00e4\u00admi\u00adni\u0148 \u00fda-da be\u00adke\u00addi\u0148 da\u00ad\u015fy\u00adna \u00e7yk\u00admak kos\u00admo\u00adnawt\u00adlar \u00fc\u00e7in i\u0148 \u00e7yl\u00ad\u015fy\u00adrym\u00adly i\u015fleri\u0148 bi\u00adri ha\u00adsap\u00adla\u00adnyp, \u00abkos\u00admos \u00fd\u00f6\u00adri\u00ad\u015fi\u00bb di\u00fd\u00adlip at\u00adlan\u00addy\u00adryl\u00ad\u00fdar. Hy\u00adta\u00fd\u00adly kos\u00admo\u00adnawt\u00adla\u00adry\u0148 \u00abkos\u00admos \u00fd\u00f6\u00adri\u00ad\u015fi\u00bb 9 sa\u00adgat do\u00adwam et\u00addi. Hy\u00adta\u00ad\u00fdy\u0148 Adam\u00adly kos\u00admos in\u00ad\u017ee\u00adner\u00ad\u00e7i\u00adli\u00adgi eda\u00adra\u00adsy (CMSA) Sa\u00fd S\u00fdu\u00fd\u00e7\u00ad\u017ee, Sun Lin\u00addun we Wan Ha\u00ados\u00adze be\u00adket\u00add\u00e4\u00adki ro\u00adbot go\u00adlu\u0148 k\u00f6\u00adme\u00adgi hem-de \u00fder\u00add\u00e4\u00adki k\u00e4r\u00adde\u015f\u00adle\u00adri\u00adni\u0148 gol\u00adda\u00adwy bi\u00adlen bir\u00adn\u00e4\u00ad\u00e7e \u00e7yl\u00ad\u015fy\u00adrym\u00adly i\u015fi \u00fde\u00adri\u00adne \u00fde\u00adti\u00adren\u00addik\u00adle\u00adri\u00adni m\u00e4\u00adlim et\u00addi.<\/p>\n<p style=\"text-align: right;\"><strong>Id\u00adris HA\u00adJY\u00ad\u00ddEW, <\/strong><br \/>\n<strong>Da\u0148atar \u00d6wezow adyndaky T\u00fcrkmen d\u00f6wlet \u00fd\u00f6rite saz\u00e7ylyk mekdebini\u0148 mugallymy.<\/strong><\/p>\n","protected":false},"excerpt":{"rendered":"<p>M\u00e4\u00adlim bol\u00ad\u015fy \u00fda\u00adly, Hy\u00adta\u00fd ge\u00ad\u00e7en \u00fdyl \u00dde\u00adri\u0148 a\u015fa\u00adky or\u00adbi\u00adta\u00adsyn\u00adda \u00f6z\u00adba\u015f\u00addak kos\u00admos stan\u00adsi\u00ad\u00fda\u00adny gu\u00adrup, ula\u00adny\u00ad\u015fa gi\u00adri\u00adzip\u00addi. \u015eu \u00fdy\u00adly\u0148 30-njy okt\u00ad\u00fdab\u00adryn\u00adda \u00abShenz\u00adhou-19\u00bb kos\u00admos g\u00e4\u00admi\u00adsi bi\u00adlen be\u00adke\u00adde ba\u00adran hy\u00adta\u00fd\u00adly kos\u00admo\u00adnawt\u00adlar il\u00adkin\u00adji ge\u00adzek g\u00e4\u00admi\u00adni\u0148 da\u00ad\u015fy\u00adna \u00e7yk\u00addy\u00adlar. G\u00e4\u00admi\u00adni\u0148 \u00fda-da be\u00adke\u00addi\u0148 da\u00ad\u015fy\u00adna \u00e7yk\u00admak kos\u00admo\u00adnawt\u00adlar \u00fc\u00e7in i\u0148 \u00e7yl\u00ad\u015fy\u00adrym\u00adly i\u015fleri\u0148 bi\u00adri ha\u00adsap\u00adla\u00adnyp, \u00abkos\u00admos \u00fd\u00f6\u00adri\u00ad\u015fi\u00bb di\u00fd\u00adlip at\u00adlan\u00addy\u00adryl\u00ad\u00fdar. Hy\u00adta\u00fd\u00adly kos\u00admo\u00adnawt\u00adla\u00adry\u0148 \u00abkos\u00admos \u00fd\u00f6\u00adri\u00ad\u015fi\u00bb 9 sa\u00adgat do\u00adwam [&hellip;]<\/p>\n","protected":false},"author":2,"featured_media":123277,"comment_status":"open","ping_status":"closed","sticky":false,"template":"","format":"standard","meta":{"footnotes":""},"categories":[8],"tags":[],"acf":[],"_links":{"self":[{"href":"https:\/\/zamanturkmenistan.com.tm\/index.php?rest_route=\/wp\/v2\/posts\/123091"}],"collection":[{"href":"https:\/\/zamanturkmenistan.com.tm\/index.php?rest_route=\/wp\/v2\/posts"}],"about":[{"href":"https:\/\/zamanturkmenistan.com.tm\/index.php?rest_route=\/wp\/v2\/types\/post"}],"author":[{"embeddable":true,"href":"https:\/\/zamanturkmenistan.com.tm\/index.php?rest_route=\/wp\/v2\/users\/2"}],"replies":[{"embeddable":true,"href":"https:\/\/zamanturkmenistan.com.tm\/index.php?rest_route=%2Fwp%2Fv2%2Fcomments&post=123091"}],"version-history":[{"count":1,"href":"https:\/\/zamanturkmenistan.com.tm\/index.php?rest_route=\/wp\/v2\/posts\/123091\/revisions"}],"predecessor-version":[{"id":123092,"href":"https:\/\/zamanturkmenistan.com.tm\/index.php?rest_route=\/wp\/v2\/posts\/123091\/revisions\/123092"}],"wp:featuredmedia":[{"embeddable":true,"href":"https:\/\/zamanturkmenistan.com.tm\/index.php?rest_route=\/wp\/v2\/media\/123277"}],"wp:attachment":[{"href":"https:\/\/zamanturkmenistan.com.tm\/index.php?rest_route=%2Fwp%2Fv2%2Fmedia&parent=123091"}],"wp:term":[{"taxonomy":"category","embeddable":true,"href":"https:\/\/zamanturkmenistan.com.tm\/index.php?rest_route=%2Fwp%2Fv2%2Fcategories&post=123091"},{"taxonomy":"post_tag","embeddable":true,"href":"https:\/\/zamanturkmenistan.com.tm\/index.php?rest_route=%2Fwp%2Fv2%2Ftags&post=123091"}],"curies":[{"name":"wp","href":"https:\/\/api.w.org\/{rel}","templated":true}]}}