{"id":123095,"date":"2024-12-20T12:34:33","date_gmt":"2024-12-20T07:34:33","guid":{"rendered":"https:\/\/zamanturkmenistan.com.tm\/?p=123095"},"modified":"2024-12-20T12:34:33","modified_gmt":"2024-12-20T07:34:33","slug":"has-kop-syyahatca-garasyar","status":"publish","type":"post","link":"https:\/\/zamanturkmenistan.com.tm\/?p=123095","title":{"rendered":"Has k\u00f6p sy\u00fdahat\u00e7a gara\u015f\u00fdar"},"content":{"rendered":"<p>Ba\u00fd ta\u00adry\u00adhy we te\u00adbi\u00adgy ba\u00fd\u00adlyk\u00adla\u00adry bo\u00adlan Hy\u00adta\u00fd Halk Res\u00adpub\u00adli\u00adka\u00adsy so\u0148\u00adky \u00fdyl\u00adlar\u00adda has k\u00f6p sy\u00ad\u00fda\u00adhat\u00ad\u00e7y\u00adny \u00f6z\u00fc\u00adne \u00e7ek\u00admek \u00fc\u00e7in d\u00fcr\u00adli tas\u00adla\u00adma\u00adla\u00adry dur\u00admu\u00ad\u015fa ge\u00ad\u00e7ir\u00addi. \u00ddurt d\u00fcn\u00ad\u00fd\u00e4\u00adni\u0148 bir\u00adn\u00e4\u00ad\u00e7e d\u00f6w\u00adle\u00adti\u00adni\u0148 ra\u00ad\u00fdat\u00adla\u00adry \u00fc\u00e7in wi\u00adza\u00adsyz sy\u00ad\u00fda\u00adha\u00adty \u00fdo\u00adla go\u00fd\u00addy. In\u00addi bol\u00adsa Hy\u00adta\u00fd da\u00ad\u015fa\u00adry \u00fdurt\u00adlu\u00adla\u00adry\u0148 \u00fcs\u00adta\u00ad\u015fyr wi\u00adza\u00adla\u00adry\u00adny\u0148 m\u00f6h\u00adle\u00adti\u00adni 3 g\u00fcn\u00adden 10 g\u00fc\u00adne \u00e7y\u00adkar\u00addy. \u015ee\u00fd\u00adle\u00adlik\u00adde, sy\u00ad\u00fda\u00adhat\u00ad\u00e7y\u00adlar bu \u00fdur\u00addu\u0148 24 \u015f\u00e4\u00adhe\u00adrin\u00adde ge\u00adze\u00adlen\u00e7 edip bi\u00adler\u00adler. Pan\u00adde\u00admi\u00ad\u00fda\u00adny\u0148 yz\u00adda gal\u00adma\u00adgy bi\u00adlen Hy\u00adta\u00fd has k\u00f6p sy\u00ad\u00fda\u00adhat\u00ad\u00e7y\u00adny \u00e7ek\u00adme\u00adgi mak\u00adsat edin\u00ad\u00fd\u00e4r. Hy\u00adta\u00ad\u00fdy\u0148 Mil\u00adli mig\u00adra\u00adsi\u00ad\u00fda eda\u00adra\u00adsy\u00adny\u0148 mag\u00adlu\u00adma\u00adty\u00adna g\u00f6\u00adr\u00e4, \u015fu \u00fdy\u00adly\u0148 \u00fc\u00e7\u00fcn\u00adji \u00e7\u00e4r\u00ad\u00fde\u00adgin\u00adde \u00fdur\u00adda ba\u00adran\u00adla\u00adry\u0148 sa\u00adny 2014-nji \u00fdyl\u00adda\u00adky\u00addan b\u00e4\u00adri i\u0148 \u00fdo\u00adka\u00adry de\u00adre\u00adj\u00e4 \u00fde\u00adtip\u00addir.<\/p>\n<p style=\"text-align: right;\"><strong>Ak\u00adm\u00e4m\u00admet An\u00adna\u00admu\u00adham\u00adme\u00addow, <\/strong><br \/>\n<strong>T\u00fcrkmen d\u00f6wlet binag\u00e4rlik-gurlu\u015fyk institutyny\u0148 talyby.<\/strong><\/p>\n","protected":false},"excerpt":{"rendered":"<p>Ba\u00fd ta\u00adry\u00adhy we te\u00adbi\u00adgy ba\u00fd\u00adlyk\u00adla\u00adry bo\u00adlan Hy\u00adta\u00fd Halk Res\u00adpub\u00adli\u00adka\u00adsy so\u0148\u00adky \u00fdyl\u00adlar\u00adda has k\u00f6p sy\u00ad\u00fda\u00adhat\u00ad\u00e7y\u00adny \u00f6z\u00fc\u00adne \u00e7ek\u00admek \u00fc\u00e7in d\u00fcr\u00adli tas\u00adla\u00adma\u00adla\u00adry dur\u00admu\u00ad\u015fa ge\u00ad\u00e7ir\u00addi. \u00ddurt d\u00fcn\u00ad\u00fd\u00e4\u00adni\u0148 bir\u00adn\u00e4\u00ad\u00e7e d\u00f6w\u00adle\u00adti\u00adni\u0148 ra\u00ad\u00fdat\u00adla\u00adry \u00fc\u00e7in wi\u00adza\u00adsyz sy\u00ad\u00fda\u00adha\u00adty \u00fdo\u00adla go\u00fd\u00addy. In\u00addi bol\u00adsa Hy\u00adta\u00fd da\u00ad\u015fa\u00adry \u00fdurt\u00adlu\u00adla\u00adry\u0148 \u00fcs\u00adta\u00ad\u015fyr wi\u00adza\u00adla\u00adry\u00adny\u0148 m\u00f6h\u00adle\u00adti\u00adni 3 g\u00fcn\u00adden 10 g\u00fc\u00adne \u00e7y\u00adkar\u00addy. \u015ee\u00fd\u00adle\u00adlik\u00adde, sy\u00ad\u00fda\u00adhat\u00ad\u00e7y\u00adlar bu \u00fdur\u00addu\u0148 24 \u015f\u00e4\u00adhe\u00adrin\u00adde ge\u00adze\u00adlen\u00e7 edip bi\u00adler\u00adler. Pan\u00adde\u00admi\u00ad\u00fda\u00adny\u0148 yz\u00adda [&hellip;]<\/p>\n","protected":false},"author":2,"featured_media":123096,"comment_status":"open","ping_status":"closed","sticky":false,"template":"","format":"standard","meta":{"footnotes":""},"categories":[5],"tags":[],"acf":[],"_links":{"self":[{"href":"https:\/\/zamanturkmenistan.com.tm\/index.php?rest_route=\/wp\/v2\/posts\/123095"}],"collection":[{"href":"https:\/\/zamanturkmenistan.com.tm\/index.php?rest_route=\/wp\/v2\/posts"}],"about":[{"href":"https:\/\/zamanturkmenistan.com.tm\/index.php?rest_route=\/wp\/v2\/types\/post"}],"author":[{"embeddable":true,"href":"https:\/\/zamanturkmenistan.com.tm\/index.php?rest_route=\/wp\/v2\/users\/2"}],"replies":[{"embeddable":true,"href":"https:\/\/zamanturkmenistan.com.tm\/index.php?rest_route=%2Fwp%2Fv2%2Fcomments&post=123095"}],"version-history":[{"count":1,"href":"https:\/\/zamanturkmenistan.com.tm\/index.php?rest_route=\/wp\/v2\/posts\/123095\/revisions"}],"predecessor-version":[{"id":123097,"href":"https:\/\/zamanturkmenistan.com.tm\/index.php?rest_route=\/wp\/v2\/posts\/123095\/revisions\/123097"}],"wp:featuredmedia":[{"embeddable":true,"href":"https:\/\/zamanturkmenistan.com.tm\/index.php?rest_route=\/wp\/v2\/media\/123096"}],"wp:attachment":[{"href":"https:\/\/zamanturkmenistan.com.tm\/index.php?rest_route=%2Fwp%2Fv2%2Fmedia&parent=123095"}],"wp:term":[{"taxonomy":"category","embeddable":true,"href":"https:\/\/zamanturkmenistan.com.tm\/index.php?rest_route=%2Fwp%2Fv2%2Fcategories&post=123095"},{"taxonomy":"post_tag","embeddable":true,"href":"https:\/\/zamanturkmenistan.com.tm\/index.php?rest_route=%2Fwp%2Fv2%2Ftags&post=123095"}],"curies":[{"name":"wp","href":"https:\/\/api.w.org\/{rel}","templated":true}]}}