{"id":123098,"date":"2024-12-20T12:35:55","date_gmt":"2024-12-20T07:35:55","guid":{"rendered":"https:\/\/zamanturkmenistan.com.tm\/?p=123098"},"modified":"2024-12-20T12:35:55","modified_gmt":"2024-12-20T07:35:55","slug":"emeli-adada-aeroport-gurulyar","status":"publish","type":"post","link":"https:\/\/zamanturkmenistan.com.tm\/?p=123098","title":{"rendered":"Emeli adada aeroport gurul\u00fdar"},"content":{"rendered":"<p>Hy\u00adta\u00fd\u00adda eme\u00adli ada\u00adny\u0148 \u00fcs\u00adt\u00fcn\u00adde ho\u00adwa men\u00adzi\u00adli gu\u00adrul\u00ad\u00fdar. Tas\u00adla\u00adma\u00adny\u0148 ba\u00adha\u00adsy\u00adny\u0148 4 mil\u00adliard \u00fdew\u00adro\u00addan gow\u00adrak\u00addy\u00adgy m\u00e4\u00adlim edil\u00addi. 2035-nji \u00fdyl\u00adda ulan\u00adma\u00adga be\u00adril\u00adjek Dal\u00ad\u00fdan Szin\u00e7\u00ad\u017eou\u00adwan at\u00adly hal\u00adka\u00adra ae\u00adro\u00adpor\u00adty\u0148 Gon\u00adkon\u00adgy\u0148 hem-de \u00dda\u00adpo\u00adni\u00ad\u00fda\u00adny\u0148 Kan\u00adsa\u00fd hal\u00adka\u00adra ae\u00adro\u00adport\u00adla\u00adryn\u00addan uly bol\u00adjak\u00addy\u00adgy m\u00e4\u00adlim edil\u00addi. Dal\u00ad\u00fdan \u015f\u00e4\u00adhe\u00adrin\u00adde gu\u00adrul\u00ad\u00fdan 20 ine\u00add\u00f6r\u00add\u00fcl ki\u00adlo\u00admetr me\u00fd\u00adda\u00adny e\u00fde\u00adle\u00ad\u00fd\u00e4n bu ho\u00adwa men\u00adzi\u00adli \u015f\u00e4\u00adhe\u00adri\u0148 ozal\u00adky hal\u00adka\u00adra ae\u00adro\u00adpor\u00adty\u00adny\u0148 or\u00adnu\u00adny tu\u00adtar. Ae\u00adro\u00adport\u00adda je\u00admi d\u00f6rt u\u00e7u\u015f-go\u00adnu\u015f zo\u00adla\u00adgy hem-de umu\u00admy me\u00fd\u00adda\u00adny 900 m\u00fc\u0148 ine\u00add\u00f6r\u00add\u00fcl met\u00adre \u00fdet\u00ad\u00fd\u00e4n ter\u00admi\u00adnal\u00adlar bo\u00adlar.<\/p>\n<p style=\"text-align: right;\"><strong>Ba\u00adhar ATA\u00ad\u00ddE\u00adWA, <\/strong><br \/>\n<strong>T\u00fcrk\u00admen d\u00f6w\u00adlet me\u00adde\u00adni\u00ad\u00fdet ins\u00adti\u00adtu\u00adty\u00adny\u0148 mu\u00adgal\u00adly\u00admy.<\/strong><\/p>\n","protected":false},"excerpt":{"rendered":"<p>Hy\u00adta\u00fd\u00adda eme\u00adli ada\u00adny\u0148 \u00fcs\u00adt\u00fcn\u00adde ho\u00adwa men\u00adzi\u00adli gu\u00adrul\u00ad\u00fdar. Tas\u00adla\u00adma\u00adny\u0148 ba\u00adha\u00adsy\u00adny\u0148 4 mil\u00adliard \u00fdew\u00adro\u00addan gow\u00adrak\u00addy\u00adgy m\u00e4\u00adlim edil\u00addi. 2035-nji \u00fdyl\u00adda ulan\u00adma\u00adga be\u00adril\u00adjek Dal\u00ad\u00fdan Szin\u00e7\u00ad\u017eou\u00adwan at\u00adly hal\u00adka\u00adra ae\u00adro\u00adpor\u00adty\u0148 Gon\u00adkon\u00adgy\u0148 hem-de \u00dda\u00adpo\u00adni\u00ad\u00fda\u00adny\u0148 Kan\u00adsa\u00fd hal\u00adka\u00adra ae\u00adro\u00adport\u00adla\u00adryn\u00addan uly bol\u00adjak\u00addy\u00adgy m\u00e4\u00adlim edil\u00addi. Dal\u00ad\u00fdan \u015f\u00e4\u00adhe\u00adrin\u00adde gu\u00adrul\u00ad\u00fdan 20 ine\u00add\u00f6r\u00add\u00fcl ki\u00adlo\u00admetr me\u00fd\u00adda\u00adny e\u00fde\u00adle\u00ad\u00fd\u00e4n bu ho\u00adwa men\u00adzi\u00adli \u015f\u00e4\u00adhe\u00adri\u0148 ozal\u00adky hal\u00adka\u00adra ae\u00adro\u00adpor\u00adty\u00adny\u0148 or\u00adnu\u00adny tu\u00adtar. Ae\u00adro\u00adport\u00adda je\u00admi d\u00f6rt u\u00e7u\u015f-go\u00adnu\u015f [&hellip;]<\/p>\n","protected":false},"author":2,"featured_media":123099,"comment_status":"open","ping_status":"closed","sticky":false,"template":"","format":"standard","meta":{"footnotes":""},"categories":[5],"tags":[],"acf":[],"_links":{"self":[{"href":"https:\/\/zamanturkmenistan.com.tm\/index.php?rest_route=\/wp\/v2\/posts\/123098"}],"collection":[{"href":"https:\/\/zamanturkmenistan.com.tm\/index.php?rest_route=\/wp\/v2\/posts"}],"about":[{"href":"https:\/\/zamanturkmenistan.com.tm\/index.php?rest_route=\/wp\/v2\/types\/post"}],"author":[{"embeddable":true,"href":"https:\/\/zamanturkmenistan.com.tm\/index.php?rest_route=\/wp\/v2\/users\/2"}],"replies":[{"embeddable":true,"href":"https:\/\/zamanturkmenistan.com.tm\/index.php?rest_route=%2Fwp%2Fv2%2Fcomments&post=123098"}],"version-history":[{"count":1,"href":"https:\/\/zamanturkmenistan.com.tm\/index.php?rest_route=\/wp\/v2\/posts\/123098\/revisions"}],"predecessor-version":[{"id":123100,"href":"https:\/\/zamanturkmenistan.com.tm\/index.php?rest_route=\/wp\/v2\/posts\/123098\/revisions\/123100"}],"wp:featuredmedia":[{"embeddable":true,"href":"https:\/\/zamanturkmenistan.com.tm\/index.php?rest_route=\/wp\/v2\/media\/123099"}],"wp:attachment":[{"href":"https:\/\/zamanturkmenistan.com.tm\/index.php?rest_route=%2Fwp%2Fv2%2Fmedia&parent=123098"}],"wp:term":[{"taxonomy":"category","embeddable":true,"href":"https:\/\/zamanturkmenistan.com.tm\/index.php?rest_route=%2Fwp%2Fv2%2Fcategories&post=123098"},{"taxonomy":"post_tag","embeddable":true,"href":"https:\/\/zamanturkmenistan.com.tm\/index.php?rest_route=%2Fwp%2Fv2%2Ftags&post=123098"}],"curies":[{"name":"wp","href":"https:\/\/api.w.org\/{rel}","templated":true}]}}