{"id":12362,"date":"2018-02-25T12:57:05","date_gmt":"2018-02-25T07:57:05","guid":{"rendered":"http:\/\/zamanturkmenistan.com\/?p=12362"},"modified":"2018-02-25T12:57:05","modified_gmt":"2018-02-25T07:57:05","slug":"akt%c2%adyor%c2%adla%c2%adryn-ta%c2%adze-kesp%c2%adle%c2%adri","status":"publish","type":"post","link":"https:\/\/zamanturkmenistan.com.tm\/?p=12362","title":{"rendered":"Akt\u00ad\u00fdor\u00adla\u00adry\u0148 t\u00e4\u00adze ke\u015fp\u00adle\u00adri"},"content":{"rendered":"<p>\u201cJa\u00addy\u00adg\u00f6\u00fd\u201d (The Witch) at\u00adly 2015-nji \u00fdyl\u00adda ek\u00adra\u00adn\u00adla\u00adra \u00e7y\u00adkan il\u00adkin\u00adji fil\u00admi bi\u00adlen k\u00f6p\u00adle\u00adri\u0148 \u00fcn\u00ads\u00fc\u00adni \u00e7ek\u00adme\u00adgi ba\u00ad\u015fa\u00adran re\u00ad\u017eiss\u00ad\u00fdor Ro\u00adbert Eg\u00adger\u00adsi\u0148 su\u00adra\u00adta d\u00fc\u00ad\u015f\u00fcr\u00adjek t\u00e4\u00adze ki\u00adno\u00adsy bel\u00adli bol\u00addy. \u201cThe Light\u00adhou\u00adse\u201d at\u00adly gor\u00adku\u00adly g\u00f6r\u00adn\u00fc\u015f\u00add\u00e4\u00adki ki\u00adnoda ba\u015f ke\u015fp\u00adle\u00adri \u201cAla\u00adga\u00adra\u0148\u00adky\u00adlyk\u201d (Twi\u00adlight) film\u00adle\u00adri\u00adni\u0148 \u00fdyl\u00addy\u00adzy Ro\u00adbert Pat\u00adtin\u00adson bi\u00adlen ta\u00adny\u00admal akt\u00ad\u00fdor Wil\u00adlem Da\u00adfo jan\u00adlan\u00addy\u00adrar. Fil\u00admi\u0148 su\u00adra\u00adta al\u00adny\u015f i\u015f\u00adle\u00adri\u00adne \u00f6\u0148\u00fc\u00admiz\u00add\u00e4\u00adki g\u00fcn\u00adler\u00adde ba\u00addal\u00adga ber\u00adler.<\/p>\n<p>Os\u00adkar\u00adly akt\u00ad\u00fdor Tom Henks \u00fde\u00adne bir aw\u00adto\u00adbi\u00adog\u00adra\u00adfi\u00ad\u00fda g\u00f6r\u00adn\u00fc\u015f\u00adli ki\u00adno\u00adda su\u00adra\u00adta d\u00fc\u00ad\u015fer. Us\u00adsat akt\u00ad\u00fdo\u00adry\u0148 t\u00e4\u00adze fil\u00admi \u201cYou Are My Friend\u201d di\u00fd\u00adlip at\u00adlan\u00addy\u00adryl\u00ad\u00fdar. \u201c\u00ddet\u00adgin\u00adjek gy\u00adzy\u0148 g\u00fcn\u00adde\u00adli\u00adgi\u201d (The Dia\u00adry of a Tee\u00adna\u00adge Girl) fil\u00admi\u00adni\u0148 re\u00ad\u017eiss\u00ad\u00fdo\u00adry Ma\u00adri\u00adel\u00adle Hel\u00adle\u00adri\u0148 su\u00adra\u00adta d\u00fc\u00ad\u015f\u00fcr\u00adjek ki\u00adno\u00adsy me\u015f\u00adhur te\u00adle\u00ad\u00fda\u00fd\u00adlym\u00ad\u00e7y Fred Ro\u00adjers ba\u00adra\u00adda bo\u00adlar. Ek\u00adran ese\u00adri\u00adni\u0148 sse\u00adna\u00adri\u00adsi\u00adni Mi\u00adkah Fit\u00adzer\u00adman-Blu bi\u00adlen No\u00fd Harps\u00adter bi\u00adle\u00adlik\u00adde \u00fda\u00adzar.<\/p>\n<p>D\u00fcn\u00ad\u00fd\u00e4 bel\u00adli fi\u00adzik, alym Ni\u00adko\u00adla Tes\u00adla\u00adny\u0148 durmu\u015fy ba\u00adra\u00adda film su\u00adra\u00adta d\u00fc\u00ad\u015f\u00fc\u00adri\u00adler. Mi\u00adha\u00adel Al\u00adme\u00adre\u00fd\u00adda\u00adny\u0148 re\u00ad\u017eiss\u00ad\u00fdor\u00adlyk et\u00adjek ki\u00adno\u00adsyn\u00adda ba\u015f ke\u015f\u00adbi, Tes\u00adla\u00adny\u0148 ke\u015f\u00adbi\u00adni Itan Howk jan\u00adlan\u00addy\u00adrar. Film\u00adde a\u00fd\u00adra\u00adty\u00adnam, aly\u00admy\u0148 Ame\u00adri\u00adka\u00adda \u00fda\u00ad\u015fan d\u00f6w\u00adri, To\u00admas Edi\u00adson bi\u00adlen gat\u00adna\u00ad\u015fy\u00adgy ba\u00adra\u00adda gi\u00ad\u0148i\u015f\u00adle\u00ad\u00fdin g\u00fcr\u00adr\u00fc\u0148 ber\u00adler. Ek\u00adran ese\u00adri ha\u00adkyn\u00adda\u00adky be\u00fd\u00adle\u00adki mag\u00adlu\u00admat\u00adlar \u2013 sse\u00adna\u00adri\u00ad\u00e7i\u00adsi, be\u00fd\u00adle\u00adki ke\u015fp\u00adle\u00adri jan\u00adlan\u00addyr\u00adjaklar gel\u00adjek\u00adki g\u00fcn\u00adler\u00adde m\u00e4\u00adlim edi\u00adler.<\/p>\n","protected":false},"excerpt":{"rendered":"<p>\u201cJa\u00addy\u00adg\u00f6\u00fd\u201d (The Witch) at\u00adly 2015-nji \u00fdyl\u00adda ek\u00adra\u00adn\u00adla\u00adra \u00e7y\u00adkan il\u00adkin\u00adji fil\u00admi bi\u00adlen k\u00f6p\u00adle\u00adri\u0148 \u00fcn\u00ads\u00fc\u00adni \u00e7ek\u00adme\u00adgi ba\u00ad\u015fa\u00adran re\u00ad\u017eiss\u00ad\u00fdor Ro\u00adbert Eg\u00adger\u00adsi\u0148 su\u00adra\u00adta d\u00fc\u00ad\u015f\u00fcr\u00adjek t\u00e4\u00adze ki\u00adno\u00adsy bel\u00adli bol\u00addy. \u201cThe Light\u00adhou\u00adse\u201d at\u00adly gor\u00adku\u00adly g\u00f6r\u00adn\u00fc\u015f\u00add\u00e4\u00adki ki\u00adnoda ba\u015f ke\u015fp\u00adle\u00adri \u201cAla\u00adga\u00adra\u0148\u00adky\u00adlyk\u201d (Twi\u00adlight) film\u00adle\u00adri\u00adni\u0148 \u00fdyl\u00addy\u00adzy Ro\u00adbert Pat\u00adtin\u00adson bi\u00adlen ta\u00adny\u00admal akt\u00ad\u00fdor Wil\u00adlem Da\u00adfo jan\u00adlan\u00addy\u00adrar. Fil\u00admi\u0148 su\u00adra\u00adta al\u00adny\u015f i\u015f\u00adle\u00adri\u00adne \u00f6\u0148\u00fc\u00admiz\u00add\u00e4\u00adki g\u00fcn\u00adler\u00adde ba\u00addal\u00adga ber\u00adler. Os\u00adkar\u00adly akt\u00ad\u00fdor Tom [&hellip;]<\/p>\n","protected":false},"author":1,"featured_media":12363,"comment_status":"open","ping_status":"closed","sticky":false,"template":"","format":"standard","meta":{"footnotes":""},"categories":[12],"tags":[],"acf":[],"_links":{"self":[{"href":"https:\/\/zamanturkmenistan.com.tm\/index.php?rest_route=\/wp\/v2\/posts\/12362"}],"collection":[{"href":"https:\/\/zamanturkmenistan.com.tm\/index.php?rest_route=\/wp\/v2\/posts"}],"about":[{"href":"https:\/\/zamanturkmenistan.com.tm\/index.php?rest_route=\/wp\/v2\/types\/post"}],"author":[{"embeddable":true,"href":"https:\/\/zamanturkmenistan.com.tm\/index.php?rest_route=\/wp\/v2\/users\/1"}],"replies":[{"embeddable":true,"href":"https:\/\/zamanturkmenistan.com.tm\/index.php?rest_route=%2Fwp%2Fv2%2Fcomments&post=12362"}],"version-history":[{"count":0,"href":"https:\/\/zamanturkmenistan.com.tm\/index.php?rest_route=\/wp\/v2\/posts\/12362\/revisions"}],"wp:featuredmedia":[{"embeddable":true,"href":"https:\/\/zamanturkmenistan.com.tm\/index.php?rest_route=\/wp\/v2\/media\/12363"}],"wp:attachment":[{"href":"https:\/\/zamanturkmenistan.com.tm\/index.php?rest_route=%2Fwp%2Fv2%2Fmedia&parent=12362"}],"wp:term":[{"taxonomy":"category","embeddable":true,"href":"https:\/\/zamanturkmenistan.com.tm\/index.php?rest_route=%2Fwp%2Fv2%2Fcategories&post=12362"},{"taxonomy":"post_tag","embeddable":true,"href":"https:\/\/zamanturkmenistan.com.tm\/index.php?rest_route=%2Fwp%2Fv2%2Ftags&post=12362"}],"curies":[{"name":"wp","href":"https:\/\/api.w.org\/{rel}","templated":true}]}}