{"id":12365,"date":"2018-02-25T12:57:44","date_gmt":"2018-02-25T07:57:44","guid":{"rendered":"http:\/\/zamanturkmenistan.com\/?p=12365"},"modified":"2018-02-25T12:57:44","modified_gmt":"2018-02-25T07:57:44","slug":"os%c2%adkar-ba%c2%adra%c2%adda-gy%c2%adzyk%c2%adly-mag%c2%adlu%c2%admat%c2%adlar-2","status":"publish","type":"post","link":"https:\/\/zamanturkmenistan.com.tm\/?p=12365","title":{"rendered":"Os\u00adkar ba\u00adra\u00adda gy\u00adzyk\u00adly mag\u00adlu\u00admat\u00adlar (2)"},"content":{"rendered":"<p>3 Wal\u00adter Brenn ikin\u00adji plan\u00adda\u00adky i\u0148 go\u00adwy akt\u00ad\u00fdor ba\u00fd\u00adra\u00adgy\u00adny i\u0148 k\u00f6p ga\u00adza\u00adnan ar\u00adtist\u00addir. Ol 3 ge\u00adzek bu ugur\u00adda Os\u00adka\u00adra my\u00adna\u00adsyp bol\u00addy.<\/p>\n<p>3 I\u0148 go\u00adwy akt\u00ad\u00fdor ba\u00fd\u00adra\u00adgy\u00adny alan ar\u00adtist\u00adle\u00adri\u0148 3-si Be\u00ad\u00fdik Bri\u00adta\u00adni\u00ad\u00fda\u00adny\u0148 sy\u00ad\u00fda\u00adsy \u00fdol\u00adba\u015f\u00ad\u00e7y\u00adla\u00adry\u00adny\u0148 ke\u015f\u00adbi\u00adni jan\u00adlan\u00addy\u00adryp, bu hor\u00adma\u00adta la\u00ad\u00fdyk g\u00f6\u00adr\u00fcl\u00addi.<\/p>\n<p>5 H\u00e4\u00adzir\u00adki wag\u00adta \u00e7en\u00adli ze\u00adnan re\u00ad\u017eiss\u00ad\u00fdor\u00adla\u00adry\u0148 su\u00adra\u00adta alan ki\u00adno\u00adla\u00adryn\u00adda ba\u015f ke\u015f\u00adbi jan\u00adlan\u00addy\u00adran akt\u00adri\u00adsa\u00adla\u00adry\u0148 5-si i\u0148 go\u00adwy akt\u00adri\u00adsa di\u00fd\u00adlen ugur\u00adda \u00fde\u00ad\u0148i\u00adji bol\u00addy.<br \/>\n6 Awst\u00adra\u00adli\u00ad\u00fda\u00adly 6 sa\u00adny ar\u00adtist i\u0148 go\u00adwy akt\u00ad\u00fdor\/akt\u00adri\u00adsa ba\u00fd\u00adra\u00adgy\u00adny ga\u00adzan\u00addy.<\/p>\n<p>6\u015eu wag\u00adta \u00e7en\u00adli i\u0148 go\u00adwy akt\u00adri\u00adsa we ikin\u00adji plan\u00adda\u00adky i\u0148 go\u00adwy akt\u00adri\u00adsa ba\u00fd\u00adrak\u00adla\u00adry\u00adny\u0148 iki\u00adsi\u00adni ga\u00adzan\u00admak 6 sany ze\u00adna\u00adna mi\u00ad\u00fdes\u00adser et\u00addi.<\/p>\n<p>19 I\u0148 go\u00adwy akt\u00adri\u00adsa ba\u00fd\u00adra\u00adgy\u00adny alan\u00adla\u00adry\u0148 19-sy ha\u00adky\u00adky dur\u00admu\u015f\u00adda-da \u00fda\u00ad\u015fap ge\u00e7en \u00fda-da h\u00e4zirki wagtda-da \u00fda\u015fa\u00fdan \u015fah\u00adsy\u00ad\u00fdet\u00adle\u00adri\u0148 ke\u015f\u00adpleri\u00adni jan\u00adlan\u00addy\u00adryp, bu ar\u00adzy\u00adly he\u00fd\u00adkel\u00adji\u00adgi ga\u00adzan\u00addy.<\/p>\n","protected":false},"excerpt":{"rendered":"<p>3 Wal\u00adter Brenn ikin\u00adji plan\u00adda\u00adky i\u0148 go\u00adwy akt\u00ad\u00fdor ba\u00fd\u00adra\u00adgy\u00adny i\u0148 k\u00f6p ga\u00adza\u00adnan ar\u00adtist\u00addir. Ol 3 ge\u00adzek bu ugur\u00adda Os\u00adka\u00adra my\u00adna\u00adsyp bol\u00addy. 3 I\u0148 go\u00adwy akt\u00ad\u00fdor ba\u00fd\u00adra\u00adgy\u00adny alan ar\u00adtist\u00adle\u00adri\u0148 3-si Be\u00ad\u00fdik Bri\u00adta\u00adni\u00ad\u00fda\u00adny\u0148 sy\u00ad\u00fda\u00adsy \u00fdol\u00adba\u015f\u00ad\u00e7y\u00adla\u00adry\u00adny\u0148 ke\u015f\u00adbi\u00adni jan\u00adlan\u00addy\u00adryp, bu hor\u00adma\u00adta la\u00ad\u00fdyk g\u00f6\u00adr\u00fcl\u00addi. 5 H\u00e4\u00adzir\u00adki wag\u00adta \u00e7en\u00adli ze\u00adnan re\u00ad\u017eiss\u00ad\u00fdor\u00adla\u00adry\u0148 su\u00adra\u00adta alan ki\u00adno\u00adla\u00adryn\u00adda ba\u015f ke\u015f\u00adbi jan\u00adlan\u00addy\u00adran akt\u00adri\u00adsa\u00adla\u00adry\u0148 5-si i\u0148 go\u00adwy [&hellip;]<\/p>\n","protected":false},"author":1,"featured_media":12366,"comment_status":"open","ping_status":"closed","sticky":false,"template":"","format":"standard","meta":{"footnotes":""},"categories":[12],"tags":[],"acf":[],"_links":{"self":[{"href":"https:\/\/zamanturkmenistan.com.tm\/index.php?rest_route=\/wp\/v2\/posts\/12365"}],"collection":[{"href":"https:\/\/zamanturkmenistan.com.tm\/index.php?rest_route=\/wp\/v2\/posts"}],"about":[{"href":"https:\/\/zamanturkmenistan.com.tm\/index.php?rest_route=\/wp\/v2\/types\/post"}],"author":[{"embeddable":true,"href":"https:\/\/zamanturkmenistan.com.tm\/index.php?rest_route=\/wp\/v2\/users\/1"}],"replies":[{"embeddable":true,"href":"https:\/\/zamanturkmenistan.com.tm\/index.php?rest_route=%2Fwp%2Fv2%2Fcomments&post=12365"}],"version-history":[{"count":0,"href":"https:\/\/zamanturkmenistan.com.tm\/index.php?rest_route=\/wp\/v2\/posts\/12365\/revisions"}],"wp:featuredmedia":[{"embeddable":true,"href":"https:\/\/zamanturkmenistan.com.tm\/index.php?rest_route=\/wp\/v2\/media\/12366"}],"wp:attachment":[{"href":"https:\/\/zamanturkmenistan.com.tm\/index.php?rest_route=%2Fwp%2Fv2%2Fmedia&parent=12365"}],"wp:term":[{"taxonomy":"category","embeddable":true,"href":"https:\/\/zamanturkmenistan.com.tm\/index.php?rest_route=%2Fwp%2Fv2%2Fcategories&post=12365"},{"taxonomy":"post_tag","embeddable":true,"href":"https:\/\/zamanturkmenistan.com.tm\/index.php?rest_route=%2Fwp%2Fv2%2Ftags&post=12365"}],"curies":[{"name":"wp","href":"https:\/\/api.w.org\/{rel}","templated":true}]}}