{"id":123655,"date":"2024-12-31T10:04:19","date_gmt":"2024-12-31T05:04:19","guid":{"rendered":"https:\/\/zamanturkmenistan.com.tm\/?p=123655"},"modified":"2024-12-31T10:04:19","modified_gmt":"2024-12-31T05:04:19","slug":"2025-nji-yylda-geciriljek-sergilerin-yarmarkalaryn-maslahatlaryn-we-festiwallaryn-sanawy-tassyklanyldy","status":"publish","type":"post","link":"https:\/\/zamanturkmenistan.com.tm\/?p=123655","title":{"rendered":"2025-nji \u00fdylda ge\u00e7iriljek sergileri\u0148, \u00fdarmarkalary\u0148, maslahatlary\u0148 we festiwallary\u0148 sanawy tassyklanyldy"},"content":{"rendered":"<p>Berkarar d\u00f6wleti\u0148 t\u00e4ze e\u00fd\u00fdamyny\u0148 Galkyny\u015fy d\u00f6wr\u00fcnde \u00fdurdumyzda amala a\u015fyryl\u00fdan durmu\u015f-ykdysady \u00f6zgertmeleri gi\u0148den \u00fda\u00fdmak, T\u00fcrkmenistany\u0148 da\u015fary \u00fdurtlar bilen k\u00f6pugurly gatna\u015fyklaryny \u00f6sd\u00fcrmek, h\u00e4zirki zaman tehnologi\u00fdalaryny \u00f6n\u00fcm\u00e7ilige gi\u0148den orna\u015fdyrmak, \u00f6\u0148debaryjy tejrib\u00e4ni aly\u015fmak we ykdysady\u00fdeti\u0148 pudaklaryna ma\u00fda go\u00fdumlary \u00e7ekmek maksady bilen, T\u00fcrkmenistany\u0148 Prezidenti Karara gol \u00e7ekdi. Resminama la\u00fdyklykda, ministrlikler we pudakla\u00fdyn dolandyry\u015f edaralary tarapyndan 2025-nji \u00fdylda ge\u00e7iriljek sergileri\u0148, \u00fdarmarkalary\u0148, maslahatlary\u0148 we festiwallary\u0148 sanawy hem-de olary ge\u00e7irmek bo\u00fdun\u00e7a gurama\u00e7ylyk toparyny\u0148 d\u00fcz\u00fcmi tassyklanyldy.<br \/>\nMinistrliklere we pudakla\u00fdyn dolandyry\u015f edaralaryna degi\u015fli \u00e7\u00e4releri\u0148 \u00fdokary derejede, gurama\u00e7ylykly ge\u00e7irilmegini \u00fcpj\u00fcn etmek tab\u015fyryldy.<\/p>\n","protected":false},"excerpt":{"rendered":"<p>Berkarar d\u00f6wleti\u0148 t\u00e4ze e\u00fd\u00fdamyny\u0148 Galkyny\u015fy d\u00f6wr\u00fcnde \u00fdurdumyzda amala a\u015fyryl\u00fdan durmu\u015f-ykdysady \u00f6zgertmeleri gi\u0148den \u00fda\u00fdmak, T\u00fcrkmenistany\u0148 da\u015fary \u00fdurtlar bilen k\u00f6pugurly gatna\u015fyklaryny \u00f6sd\u00fcrmek, h\u00e4zirki zaman tehnologi\u00fdalaryny \u00f6n\u00fcm\u00e7ilige gi\u0148den orna\u015fdyrmak, \u00f6\u0148debaryjy tejrib\u00e4ni aly\u015fmak we ykdysady\u00fdeti\u0148 pudaklaryna ma\u00fda go\u00fdumlary \u00e7ekmek maksady bilen, T\u00fcrkmenistany\u0148 Prezidenti Karara gol \u00e7ekdi. Resminama la\u00fdyklykda, ministrlikler we pudakla\u00fdyn dolandyry\u015f edaralary tarapyndan 2025-nji \u00fdylda ge\u00e7iriljek sergileri\u0148, \u00fdarmarkalary\u0148, [&hellip;]<\/p>\n","protected":false},"author":2,"featured_media":114738,"comment_status":"open","ping_status":"closed","sticky":false,"template":"","format":"standard","meta":{"footnotes":""},"categories":[3],"tags":[],"acf":[],"_links":{"self":[{"href":"https:\/\/zamanturkmenistan.com.tm\/index.php?rest_route=\/wp\/v2\/posts\/123655"}],"collection":[{"href":"https:\/\/zamanturkmenistan.com.tm\/index.php?rest_route=\/wp\/v2\/posts"}],"about":[{"href":"https:\/\/zamanturkmenistan.com.tm\/index.php?rest_route=\/wp\/v2\/types\/post"}],"author":[{"embeddable":true,"href":"https:\/\/zamanturkmenistan.com.tm\/index.php?rest_route=\/wp\/v2\/users\/2"}],"replies":[{"embeddable":true,"href":"https:\/\/zamanturkmenistan.com.tm\/index.php?rest_route=%2Fwp%2Fv2%2Fcomments&post=123655"}],"version-history":[{"count":1,"href":"https:\/\/zamanturkmenistan.com.tm\/index.php?rest_route=\/wp\/v2\/posts\/123655\/revisions"}],"predecessor-version":[{"id":123656,"href":"https:\/\/zamanturkmenistan.com.tm\/index.php?rest_route=\/wp\/v2\/posts\/123655\/revisions\/123656"}],"wp:featuredmedia":[{"embeddable":true,"href":"https:\/\/zamanturkmenistan.com.tm\/index.php?rest_route=\/wp\/v2\/media\/114738"}],"wp:attachment":[{"href":"https:\/\/zamanturkmenistan.com.tm\/index.php?rest_route=%2Fwp%2Fv2%2Fmedia&parent=123655"}],"wp:term":[{"taxonomy":"category","embeddable":true,"href":"https:\/\/zamanturkmenistan.com.tm\/index.php?rest_route=%2Fwp%2Fv2%2Fcategories&post=123655"},{"taxonomy":"post_tag","embeddable":true,"href":"https:\/\/zamanturkmenistan.com.tm\/index.php?rest_route=%2Fwp%2Fv2%2Ftags&post=123655"}],"curies":[{"name":"wp","href":"https:\/\/api.w.org\/{rel}","templated":true}]}}