{"id":123683,"date":"2025-01-02T14:17:55","date_gmt":"2025-01-02T09:17:55","guid":{"rendered":"https:\/\/zamanturkmenistan.com.tm\/?p=123683"},"modified":"2025-01-02T14:17:55","modified_gmt":"2025-01-02T09:17:55","slug":"taze-yylda-ilkinji-dunya-inen-babejige-parahat-diyip-at-goyuldy","status":"publish","type":"post","link":"https:\/\/zamanturkmenistan.com.tm\/?p=123683","title":{"rendered":"T\u00e4ze \u00fdylda ilkinji d\u00fcn\u00fd\u00e4 inen b\u00e4bejige Parahat di\u00fdip at go\u00fduldy"},"content":{"rendered":"<p>2025-nji \u00fdyly\u0148 ilkinji pursatlarynda Arkadag \u015f\u00e4herind\u00e4ki En\u00e4ni\u0148 we \u00e7agany\u0148 saglygyny gora\u00fdy\u015f merkezinde \u00fdurdumyz bo\u00fdun\u00e7a ilkinji \u00e7aga d\u00fcn\u00fd\u00e4 indi. Arkadag \u015f\u00e4herinde \u00fda\u015fa\u00fdan Atageldi\u00fdewleri\u0148 ma\u015fgalasy \u00fc\u00e7in t\u00e4ze \u00fdyl turuwba\u015fdan d\u00fc\u015f\u00fcmli, d\u00f6wletli geldi. Halkara parahat\u00e7ylyk we ynany\u015fmak \u00fdylynda d\u00fcn\u00fd\u00e4 inen oglanjyga t\u00e4ze \u00fdyly\u0148 \u015fygaryna la\u00fdyk Parahat di\u00fdip at go\u00fddular.<\/p>\n<p>Uly ruhubelentlik, aja\u00fdyp arzuw-umytlar bilen gadam basylan 2025-nji \u00fdyly\u0148 ilkinji minutlarynda Arkadag \u015f\u00e4herini\u0148 bagty\u00fdar \u00fda\u015fa\u00fdjylary \u2014 \u00f6\u00fd hojalyk\u00e7y Orazjahan hem-de mekdep mugallymy \u00ddazmergen Atageldi\u00fdewleri\u0148 ikinji ogul perzende g\u00f6zi d\u00fc\u015fdi. Bu \u2014 d\u00f6wletlilikden ny\u015fan. \u00abD\u00f6wletliden d\u00f6wlet \u00fdokar\u00bb di\u00fdlenine e\u00fderip, Arkadag \u015f\u00e4herind\u00e4ki En\u00e4ni\u0148 we \u00e7agany\u0148 saglygyny gora\u00fdy\u015f merkezini\u0148 d\u00f6wrebap binasynda agzybir ma\u015fgalany\u0148 \u015fatlygyna \u015f\u00e4rik bolan watanda\u015flarymyz t\u00e4ze doglan \u00e7agany \u00fd\u00fcze syldylar. Onu\u0148 \u00fda\u015fyny\u0148 uzyn bolmagy, il-g\u00fcne gerekli ger\u00e7ek go\u00e7 \u00fdigit bolup \u00fdeti\u015fmegi baradaky \u00fdag\u015fydan-\u00fdag\u015fy arzuw-dilegler edildi. \u015ee\u00fdle aja\u00fdyp, guwandyryjy pursatlarda Gahryman Arkadagymyzy\u0148 hem-de Arkadagly Gahryman Serdarymyzy\u0148 Atageldi\u00fdewleri\u0148 ma\u015fgalasyna iberen sowgatlary gow\u015furyldy, gutlag s\u00f6zleri, i\u0148 gowy arzuwlary a\u00fddyldy.<br \/>\nLukmanlary\u0148 a\u00fdtmagyna g\u00f6r\u00e4, Arkadag \u015f\u00e4herind\u00e4ki \u015fe\u00fdle d\u00f6wrebap merkezleri\u0148 birinde d\u00fcn\u00fd\u00e4 inen Parahatjyk sagdyn doguldy. Onu\u0148 agramy 4100 gram, bo\u00fdy bolsa 54 santimetr. B\u00e4bejige we onu\u0148 ejesine lukmanlardyr \u015fepagat u\u00fdalary tarapyndan \u00e4hli degi\u015fli g\u00f6zeg\u00e7ilik i\u015fleri \u00f6z wagtynda ge\u00e7iril\u00fd\u00e4r.<br \/>\n\u00dderi gelende bellesek, ge\u00e7en \u00fdyl hem \u00fdurdumyzda ilkinji \u00e7aga Arkadag \u015f\u00e4herinde d\u00fcn\u00fd\u00e4 inipdi. Munu\u0148 \u00f6zi Gahryman Arkadagymyzy\u0148 we Arkadagly Gahryman Serdarymyzy\u0148 ta\u00fdsyz tagallalary bilen bin\u00fdat bolan t\u00e4ze \u015f\u00e4herde t\u00e4ze durmu\u015fy\u0148 g\u00fclle\u00fd\u00e4ndigini\u0148 aja\u00fdyp alamatydyr.<\/p>\n","protected":false},"excerpt":{"rendered":"<p>2025-nji \u00fdyly\u0148 ilkinji pursatlarynda Arkadag \u015f\u00e4herind\u00e4ki En\u00e4ni\u0148 we \u00e7agany\u0148 saglygyny gora\u00fdy\u015f merkezinde \u00fdurdumyz bo\u00fdun\u00e7a ilkinji \u00e7aga d\u00fcn\u00fd\u00e4 indi. Arkadag \u015f\u00e4herinde \u00fda\u015fa\u00fdan Atageldi\u00fdewleri\u0148 ma\u015fgalasy \u00fc\u00e7in t\u00e4ze \u00fdyl turuwba\u015fdan d\u00fc\u015f\u00fcmli, d\u00f6wletli geldi. Halkara parahat\u00e7ylyk we ynany\u015fmak \u00fdylynda d\u00fcn\u00fd\u00e4 inen oglanjyga t\u00e4ze \u00fdyly\u0148 \u015fygaryna la\u00fdyk Parahat di\u00fdip at go\u00fddular. Uly ruhubelentlik, aja\u00fdyp arzuw-umytlar bilen gadam basylan 2025-nji \u00fdyly\u0148 [&hellip;]<\/p>\n","protected":false},"author":2,"featured_media":123684,"comment_status":"open","ping_status":"closed","sticky":false,"template":"","format":"standard","meta":{"footnotes":""},"categories":[3],"tags":[],"acf":[],"_links":{"self":[{"href":"https:\/\/zamanturkmenistan.com.tm\/index.php?rest_route=\/wp\/v2\/posts\/123683"}],"collection":[{"href":"https:\/\/zamanturkmenistan.com.tm\/index.php?rest_route=\/wp\/v2\/posts"}],"about":[{"href":"https:\/\/zamanturkmenistan.com.tm\/index.php?rest_route=\/wp\/v2\/types\/post"}],"author":[{"embeddable":true,"href":"https:\/\/zamanturkmenistan.com.tm\/index.php?rest_route=\/wp\/v2\/users\/2"}],"replies":[{"embeddable":true,"href":"https:\/\/zamanturkmenistan.com.tm\/index.php?rest_route=%2Fwp%2Fv2%2Fcomments&post=123683"}],"version-history":[{"count":1,"href":"https:\/\/zamanturkmenistan.com.tm\/index.php?rest_route=\/wp\/v2\/posts\/123683\/revisions"}],"predecessor-version":[{"id":123685,"href":"https:\/\/zamanturkmenistan.com.tm\/index.php?rest_route=\/wp\/v2\/posts\/123683\/revisions\/123685"}],"wp:featuredmedia":[{"embeddable":true,"href":"https:\/\/zamanturkmenistan.com.tm\/index.php?rest_route=\/wp\/v2\/media\/123684"}],"wp:attachment":[{"href":"https:\/\/zamanturkmenistan.com.tm\/index.php?rest_route=%2Fwp%2Fv2%2Fmedia&parent=123683"}],"wp:term":[{"taxonomy":"category","embeddable":true,"href":"https:\/\/zamanturkmenistan.com.tm\/index.php?rest_route=%2Fwp%2Fv2%2Fcategories&post=123683"},{"taxonomy":"post_tag","embeddable":true,"href":"https:\/\/zamanturkmenistan.com.tm\/index.php?rest_route=%2Fwp%2Fv2%2Ftags&post=123683"}],"curies":[{"name":"wp","href":"https:\/\/api.w.org\/{rel}","templated":true}]}}