{"id":12376,"date":"2018-02-25T13:01:31","date_gmt":"2018-02-25T08:01:31","guid":{"rendered":"http:\/\/zamanturkmenistan.com\/?p=12376"},"modified":"2018-02-25T13:01:31","modified_gmt":"2018-02-25T08:01:31","slug":"mes%c2%adhur-ya%c2%adzy%c2%adjy%c2%adla%c2%adryn-syr%c2%adly-dur%c2%admu%c2%adsy","status":"publish","type":"post","link":"https:\/\/zamanturkmenistan.com.tm\/?p=12376","title":{"rendered":"Me\u015f\u00adhur \u00fda\u00adzy\u00adjy\u00adla\u00adry\u0148   syr\u00adly dur\u00admu\u00ad\u015fy"},"content":{"rendered":"<p>Bal\u00adzak ara\u00addan \u00e7y\u00adkan\u00adda 51 \u00fda\u00ad\u015fyn\u00adda\u00addy, \u00fd\u00f6\u00adne yzyn\u00adda on\u00adlar\u00ad\u00e7a \u00f6l\u00admez-\u00fdit\u00admez eser go\u00ad\u00fdup git\u00addi. G\u00fcn\u00adde 50 \u00e7a\u015f\u00adka t\u00f6\u00adwe\u00adre\u00adgi ko\u00adfe i\u00e7en\u00addi\u00adgi ba\u00adra\u00adda g\u00fcr\u00adr\u00fc\u0148 edil\u00ad\u00fd\u00e4n Bal\u00adzak ko\u00adfe ta\u00fd\u00ad\u00fdar\u00adlat\u00adma\u00adga adam tap\u00adma\u00addyk wagt\u00adla\u00adry ko\u00adfe d\u00e4\u00adne\u00adle\u00adri\u00adni \u00e7e\u00fd\u00adn\u00e4p\u00addir.<br \/>\n\u201cAli\u00adse t\u00e4\u00adsin\u00adlik\u00adler d\u00fcn\u00ad\u00fd\u00e4\u00adsin\u00adde\u201d at\u00adly ese\u00adri\u0148 aw\u00adto\u00adry L\u00fduis Ker\u00adrol ma\u00adte\u00adma\u00adti\u00adka\u00adny\u0148 ge\u00adni\u00fd\u00adsi\u00addi. T\u00e4\u00adze s\u00f6z d\u00f6\u00adret\u00admek\u00adde onu\u0148 \u00f6\u0148\u00fc\u00adne ge\u00e7\u00ad\u00fd\u00e4n \u00fdok\u00addy. Onu\u0148 o\u00fd\u00adlap ta\u00adpan on\u00adlar\u00ad\u00e7a s\u00f6\u00adzi i\u0148\u00adlis di\u00adlin\u00adde he\u00adniz\u00adle\u00adrem ula\u00adnyl\u00ad\u00fdar. Ki\u00adtap\u00adha\u00adna\u00adlar\u00adda ki\u00adtap\u00adla\u00adry\u0148 has a\u0148\u00adsat ta\u00adpyl\u00adma\u00adgy \u00fc\u00e7in ki\u00adta\u00adby\u0148 ady\u00adny jil\u00addi\u0148 ar\u00adka \u00fd\u00fc\u00adz\u00fc\u00adne \u00fdaz\u00admak ba\u00adra\u00adda\u00adky pi\u00adki\u00adri\u00adni hem dur\u00admu\u00ad\u015fa ge\u00ad\u00e7ir\u00addi.<br \/>\n\u00dda\u00adzuw ma\u00ad\u015fyn\u00adka\u00adsyn\u00adda \u00fda\u00adzy\u00adlyp, \u00e7ap\u00adha\u00adna gow\u00ad\u015fu\u00adry\u00adlan il\u00adkin\u00adji ki\u00adtap Mark Twe\u00adni\u0148 1883-nji \u00fdyl\u00adda \u00e7ap edi\u00adlen \u201cMis\u00adsi\u00adsi\u00adpi\u00add\u00e4\u00adki dur\u00admu\u015f\u201d at\u00adly ki\u00adta\u00adby\u00addyr.<br \/>\nTols\u00adto\u00ad\u00fdy\u0148 13 \u00e7a\u00adga\u00adsy bo\u00adlup, 48 \u00fdyl\u00adlyk ma\u015f\u00adga\u00adla dur\u00admu\u00ad\u015fyn\u00addan so\u0148\u00adra \u201cMe\u00adnem me\u00adni\u0148 \u00fda\u00ad\u015fym\u00adda\u00adky adam\u00adla\u00adry\u0148 \u00fdy\u00adgy-\u00fdy\u00adgy\u00addan ba\u015f go\u015f\u00ad\u00fdan \u00fdo\u00adlu\u00adny sa\u00fd\u00adlap al\u00ad\u00fda\u00adryn. \u00d6m\u00adr\u00fc\u00admi\u0148 so\u0148\u00adky g\u00fcn\u00adle\u00adri\u00adni \u00fde\u00adke \u00f6z\u00fcm ra\u00adhat ge\u00ad\u00e7ir\u00admek \u00fc\u00e7in d\u00fcn\u00ad\u00fd\u00e4\u00adden \u00fd\u00fcz \u00f6w\u00fcr\u00ad\u00fd\u00e4\u00adrin\u201d di\u00ad\u00fden \u00fdaz\u00adgy\u00adny a\u00fda\u00adly\u00adna gal\u00addy\u00adryp, \u00f6\u00fd\u00fc\u00adni terk eden\u00adde 82 \u00fda\u00ad\u015fyn\u00adda\u00addy.<br \/>\nWir\u00adji\u00adni\u00ad\u00fda Wulf gep\u00adle\u00adme\u00adgi ju\u00adda s\u00f6\u00fd\u00ad\u00fd\u00e4n eken. Bir sa\u00adpar ara\u00adkes\u00adme\u00adsiz 48 sa\u00adgat g\u00fcr\u00adl\u00e4p\u00addir. \u00c4h\u00adli eser\u00adle\u00adri\u00adni su\u00adrat\u00adke\u015f u\u00fdasyna \u00f6\u00fd\u00adk\u00fc\u00adnip, dik du\u00adran \u00fde\u00adrin\u00adde \u00fda\u00adzyp\u00addyr.<br \/>\nLui Ara\u00adgo\u00adny\u0148 \u201cD\u00fcn\u00ad\u00fd\u00e4\u00adni\u0148 s\u00f6\u00fd\u00adgi ba\u00adra\u00adda\u00adky i\u0148 go\u00adwy ese\u00adri\u201d di\u00ad\u00fdip, at be\u00adren \u201cJe\u00admi\u00adle\u201d powestini\u0148 awtory, me\u015f\u00adhur gyr\u00adgyz \u00fda\u00adzy\u00adjy\u00adsy \u00c7in\u00adgiz A\u00fdt\u00adma\u00adto\u00adwy\u0148 ka\u00adgy\u00adza gar\u00ad\u015fy al\u00adler\u00adgi\u00ad\u00fda\u00adsy bar\u00addy.<br \/>\nTa\u00fd\u00ad\u00fdar\u00adlan G\u00fcl\u00adse\u00adre Ku\u00ad\u015fa\u00ad\u00fde\u00adwa,<br \/>\nT\u00fcrk\u00admen d\u00f6w\u00adlet bi\u00adna\u00adg\u00e4r\u00adlik-gur\u00adlu\u00ad\u015fyk ins\u00adti\u00adtu\u00adty\u00adny\u0148 mu\u00adgal\u00adly\u00admy.<\/p>\n","protected":false},"excerpt":{"rendered":"<p>Bal\u00adzak ara\u00addan \u00e7y\u00adkan\u00adda 51 \u00fda\u00ad\u015fyn\u00adda\u00addy, \u00fd\u00f6\u00adne yzyn\u00adda on\u00adlar\u00ad\u00e7a \u00f6l\u00admez-\u00fdit\u00admez eser go\u00ad\u00fdup git\u00addi. G\u00fcn\u00adde 50 \u00e7a\u015f\u00adka t\u00f6\u00adwe\u00adre\u00adgi ko\u00adfe i\u00e7en\u00addi\u00adgi ba\u00adra\u00adda g\u00fcr\u00adr\u00fc\u0148 edil\u00ad\u00fd\u00e4n Bal\u00adzak ko\u00adfe ta\u00fd\u00ad\u00fdar\u00adlat\u00adma\u00adga adam tap\u00adma\u00addyk wagt\u00adla\u00adry ko\u00adfe d\u00e4\u00adne\u00adle\u00adri\u00adni \u00e7e\u00fd\u00adn\u00e4p\u00addir. \u201cAli\u00adse t\u00e4\u00adsin\u00adlik\u00adler d\u00fcn\u00ad\u00fd\u00e4\u00adsin\u00adde\u201d at\u00adly ese\u00adri\u0148 aw\u00adto\u00adry L\u00fduis Ker\u00adrol ma\u00adte\u00adma\u00adti\u00adka\u00adny\u0148 ge\u00adni\u00fd\u00adsi\u00addi. T\u00e4\u00adze s\u00f6z d\u00f6\u00adret\u00admek\u00adde onu\u0148 \u00f6\u0148\u00fc\u00adne ge\u00e7\u00ad\u00fd\u00e4n \u00fdok\u00addy. Onu\u0148 o\u00fd\u00adlap ta\u00adpan on\u00adlar\u00ad\u00e7a s\u00f6\u00adzi i\u0148\u00adlis di\u00adlin\u00adde he\u00adniz\u00adle\u00adrem [&hellip;]<\/p>\n","protected":false},"author":1,"featured_media":12377,"comment_status":"open","ping_status":"closed","sticky":false,"template":"","format":"standard","meta":{"footnotes":""},"categories":[11],"tags":[],"acf":[],"_links":{"self":[{"href":"https:\/\/zamanturkmenistan.com.tm\/index.php?rest_route=\/wp\/v2\/posts\/12376"}],"collection":[{"href":"https:\/\/zamanturkmenistan.com.tm\/index.php?rest_route=\/wp\/v2\/posts"}],"about":[{"href":"https:\/\/zamanturkmenistan.com.tm\/index.php?rest_route=\/wp\/v2\/types\/post"}],"author":[{"embeddable":true,"href":"https:\/\/zamanturkmenistan.com.tm\/index.php?rest_route=\/wp\/v2\/users\/1"}],"replies":[{"embeddable":true,"href":"https:\/\/zamanturkmenistan.com.tm\/index.php?rest_route=%2Fwp%2Fv2%2Fcomments&post=12376"}],"version-history":[{"count":0,"href":"https:\/\/zamanturkmenistan.com.tm\/index.php?rest_route=\/wp\/v2\/posts\/12376\/revisions"}],"wp:featuredmedia":[{"embeddable":true,"href":"https:\/\/zamanturkmenistan.com.tm\/index.php?rest_route=\/wp\/v2\/media\/12377"}],"wp:attachment":[{"href":"https:\/\/zamanturkmenistan.com.tm\/index.php?rest_route=%2Fwp%2Fv2%2Fmedia&parent=12376"}],"wp:term":[{"taxonomy":"category","embeddable":true,"href":"https:\/\/zamanturkmenistan.com.tm\/index.php?rest_route=%2Fwp%2Fv2%2Fcategories&post=12376"},{"taxonomy":"post_tag","embeddable":true,"href":"https:\/\/zamanturkmenistan.com.tm\/index.php?rest_route=%2Fwp%2Fv2%2Ftags&post=12376"}],"curies":[{"name":"wp","href":"https:\/\/api.w.org\/{rel}","templated":true}]}}