{"id":12379,"date":"2018-02-25T13:02:28","date_gmt":"2018-02-25T08:02:28","guid":{"rendered":"http:\/\/zamanturkmenistan.com\/?p=12379"},"modified":"2018-02-25T13:02:28","modified_gmt":"2018-02-25T08:02:28","slug":"ya%c2%adzy%c2%adjy%c2%adlar-bi%c2%adle%c2%adle%c2%adsi%c2%adgi%c2%adnin-bas%c2%adly%c2%adgy-saylanyldy","status":"publish","type":"post","link":"https:\/\/zamanturkmenistan.com.tm\/?p=12379","title":{"rendered":"\u00dda\u00adzy\u00adjy\u00adlar bi\u00adle\u00adle\u00ad\u015fi\u00adgi\u00adni\u0148 ba\u015f\u00adly\u00adgy sa\u00fdlanyldy"},"content":{"rendered":"<p>Rus\u00adsi\u00ad\u00fda Fe\u00adde\u00adra\u00adsi\u00ad\u00fda\u00adsy\u00adny\u0148 t\u00e4\u00adze \u00fda\u00adzy\u00adjy\u00adlar bi\u00adle\u00adle\u00ad\u015fi\u00adgi\u00adni\u0148 ba\u015f\u00adlyk\u00adly\u00adgy\u00adna \u00fda\u00adzy\u00adjy Ni\u00adko\u00adla\u00fd Iwa\u00adnow sa\u00fd\u00adlan\u00addy. Gu\u00adra\u00adma\u00adny\u0148 XV gu\u00adrul\u00adta\u00ad\u00fdyn\u00adda o\u0148a 164 we\u00adki\u00adli\u0148 132-si, \u015fol san\u00adda Br\u00fdansk we\u00adla\u00ad\u00fda\u00adty\u00adny\u0148 we\u00adki\u00adli \u015fa\u00adhyr Wla\u00addi\u00admir So\u00adro\u00e7\u00adkin ses ber\u00addi. Mun\u00addan ozal, bu we\u00adzi\u00adp\u00e4\u00adni 1994-nji \u00fdyl\u00addan b\u00e4\u00adri ta\u00adryh ylym\u00adla\u00adry\u00adny\u0148 dok\u00adto\u00adry Wa\u00adle\u00adri\u00fd Ga\u00adni\u00ad\u00e7ew alyp bar\u00ad\u00fdar\u00addy. T\u00e4\u00adze bel\u00adle\u00adnen \u00fdol\u00adba\u015f\u00ad\u00e7y \u00fda\u00adkyn b\u00e4\u015f \u00fdyl\u00adda \u00fda\u00adzy\u00adjy\u00adlar jem\u00adgy\u00ad\u00fde\u00adti\u00adne \u00fdol\u00adba\u015f\u00ad\u00e7y\u00adlyk eder.<br \/>\nNi\u00adko\u00adla\u00fd Iwa\u00adnow 1956-njy \u00fdyl\u00adda Br\u00fdansk we\u00adla\u00ad\u00fda\u00adty\u00adny\u0148 S\u00fc\u00adzem et\u00adra\u00adby\u00adny\u0148 Stra\u00ad\u00e7e\u00adwo oba\u00adsyn\u00adda d\u00fcn\u00ad\u00fd\u00e4 in\u00ad\u00fd\u00e4r. Ol Lwo\u00adwu\u0148 \u00fdo\u00adka\u00adry har\u00adby-sy\u00ad\u00fda\u00adsy h\u00fc\u00adn\u00e4r\u00adment\u00e7ilik mek\u00adde\u00adbi\u00adni\u0148 \u017eur\u00adna\u00adlis\u00adti\u00adka fa\u00adkul\u00adte\u00adti\u00adni ta\u00admam\u00adla\u00ad\u00fdar. 1981-nji \u00fdyl\u00adda Ow\u00adga\u00adnys\u00adta\u00adna ug\u00adra\u00addyl\u00ad\u00fdar. Bir\u00adn\u00e4\u00ad\u00e7e or\u00adden-me\u00addal\u00adlar bi\u00adlen sy\u00adlag\u00adla\u00adnan. Ol 1985-nji \u00fdyl\u00adda \u201cSo\u00adwets\u00adki\u00fd wo\u00adin\u201d \u017eur\u00adna\u00adly\u00adny\u0148 ha\u00adbar\u00ad\u00e7y\u00adsy, \u00fde\u00addi \u00fdyl\u00addan so\u0148ra bol\u00adsa, onu\u0148 ba\u015f re\u00addak\u00adto\u00adry bol\u00ad\u00fdar. Ni\u00adko\u00adla\u00fd Iwa\u00adnow 20-den gow\u00adrak ki\u00adta\u00adby\u0148 aw\u00adto\u00adry\u00addyr. Mun\u00addan ozal, ol Rus\u00adsi\u00ad\u00fda\u00adny\u0148 \u00fda\u00adzy\u00adjy\u00adlar bi\u00adle\u00adle\u00ad\u015fi\u00adgi\u00adni\u0148 m\u00fc\u00addi\u00adri\u00ad\u00fde\u00adti\u00adni\u0148 k\u00e4\u00adtip\u00adli\u00adgi\u00adne sa\u00fd\u00adla\u00adnyp\u00addy.<\/p>\n","protected":false},"excerpt":{"rendered":"<p>Rus\u00adsi\u00ad\u00fda Fe\u00adde\u00adra\u00adsi\u00ad\u00fda\u00adsy\u00adny\u0148 t\u00e4\u00adze \u00fda\u00adzy\u00adjy\u00adlar bi\u00adle\u00adle\u00ad\u015fi\u00adgi\u00adni\u0148 ba\u015f\u00adlyk\u00adly\u00adgy\u00adna \u00fda\u00adzy\u00adjy Ni\u00adko\u00adla\u00fd Iwa\u00adnow sa\u00fd\u00adlan\u00addy. Gu\u00adra\u00adma\u00adny\u0148 XV gu\u00adrul\u00adta\u00ad\u00fdyn\u00adda o\u0148a 164 we\u00adki\u00adli\u0148 132-si, \u015fol san\u00adda Br\u00fdansk we\u00adla\u00ad\u00fda\u00adty\u00adny\u0148 we\u00adki\u00adli \u015fa\u00adhyr Wla\u00addi\u00admir So\u00adro\u00e7\u00adkin ses ber\u00addi. Mun\u00addan ozal, bu we\u00adzi\u00adp\u00e4\u00adni 1994-nji \u00fdyl\u00addan b\u00e4\u00adri ta\u00adryh ylym\u00adla\u00adry\u00adny\u0148 dok\u00adto\u00adry Wa\u00adle\u00adri\u00fd Ga\u00adni\u00ad\u00e7ew alyp bar\u00ad\u00fdar\u00addy. T\u00e4\u00adze bel\u00adle\u00adnen \u00fdol\u00adba\u015f\u00ad\u00e7y \u00fda\u00adkyn b\u00e4\u015f \u00fdyl\u00adda \u00fda\u00adzy\u00adjy\u00adlar jem\u00adgy\u00ad\u00fde\u00adti\u00adne \u00fdol\u00adba\u015f\u00ad\u00e7y\u00adlyk eder. Ni\u00adko\u00adla\u00fd Iwa\u00adnow 1956-njy \u00fdyl\u00adda [&hellip;]<\/p>\n","protected":false},"author":1,"featured_media":12380,"comment_status":"open","ping_status":"closed","sticky":false,"template":"","format":"standard","meta":{"footnotes":""},"categories":[11],"tags":[],"acf":[],"_links":{"self":[{"href":"https:\/\/zamanturkmenistan.com.tm\/index.php?rest_route=\/wp\/v2\/posts\/12379"}],"collection":[{"href":"https:\/\/zamanturkmenistan.com.tm\/index.php?rest_route=\/wp\/v2\/posts"}],"about":[{"href":"https:\/\/zamanturkmenistan.com.tm\/index.php?rest_route=\/wp\/v2\/types\/post"}],"author":[{"embeddable":true,"href":"https:\/\/zamanturkmenistan.com.tm\/index.php?rest_route=\/wp\/v2\/users\/1"}],"replies":[{"embeddable":true,"href":"https:\/\/zamanturkmenistan.com.tm\/index.php?rest_route=%2Fwp%2Fv2%2Fcomments&post=12379"}],"version-history":[{"count":0,"href":"https:\/\/zamanturkmenistan.com.tm\/index.php?rest_route=\/wp\/v2\/posts\/12379\/revisions"}],"wp:featuredmedia":[{"embeddable":true,"href":"https:\/\/zamanturkmenistan.com.tm\/index.php?rest_route=\/wp\/v2\/media\/12380"}],"wp:attachment":[{"href":"https:\/\/zamanturkmenistan.com.tm\/index.php?rest_route=%2Fwp%2Fv2%2Fmedia&parent=12379"}],"wp:term":[{"taxonomy":"category","embeddable":true,"href":"https:\/\/zamanturkmenistan.com.tm\/index.php?rest_route=%2Fwp%2Fv2%2Fcategories&post=12379"},{"taxonomy":"post_tag","embeddable":true,"href":"https:\/\/zamanturkmenistan.com.tm\/index.php?rest_route=%2Fwp%2Fv2%2Ftags&post=12379"}],"curies":[{"name":"wp","href":"https:\/\/api.w.org\/{rel}","templated":true}]}}