{"id":124100,"date":"2025-01-08T10:15:54","date_gmt":"2025-01-08T05:15:54","guid":{"rendered":"https:\/\/zamanturkmenistan.com.tm\/?p=124100"},"modified":"2025-01-08T10:15:54","modified_gmt":"2025-01-08T05:15:54","slug":"turkmenistanyn-prezidenti-saud-osus-gaznasynyn-bas-yerine-yetiriji-direktoryny-kabul-etdi","status":"publish","type":"post","link":"https:\/\/zamanturkmenistan.com.tm\/?p=124100","title":{"rendered":"T\u00fcrkmenistany\u0148 Prezidenti Saud \u00f6s\u00fc\u015f gaznasyny\u0148 Ba\u015f \u00fderine \u00fdetiriji direktoryny kabul etdi"},"content":{"rendered":"<p><strong><em>7-nji \u00fdanwarda hormatly Prezidentimiz Serdar Berdimuhamedow Saud \u00f6s\u00fc\u015f gaznasyny\u0148 Ba\u015f \u00fderine \u00fdetiriji direktory Sultan Abdulrahman Al-Mar\u015fady kabul etdi.<\/em><\/strong><\/p>\n<p>Myhman wagt tapyp kabul edendigi \u00fc\u00e7in ho\u015fallyk bildirip, Saud Arabystanyny\u0148 T\u00fcrkmenistan bilen d\u00fcrli ugurlarda \u00f6zara b\u00e4hbitli hyzmatda\u015flyga uly \u00e4hmi\u00fdet ber\u00fd\u00e4ndigini belledi.<br \/>\nD\u00f6wlet Ba\u015ftutanymyz myhmany m\u00e4hirli m\u00fcb\u00e4rekl\u00e4p, onu\u0148 T\u00fcrkmenistana ilkinji saparyny\u0148 \u00fdurtlarymyzy\u0148 mali\u00fde we ykdysady ulgamdaky \u00f6zara b\u00e4hbitli hyzmatda\u015flygyny has-da i\u015fje\u0148le\u015fdirm\u00e4ge go\u015fant go\u015fjakdygyna ynam bildirdi. Du\u015fu\u015fygy\u0148 dowamynda nygtaly\u015fy \u00fdaly, T\u00fcrkmenistan d\u00fcn\u00fd\u00e4 \u00fdurtlary we abra\u00fdly halkara mali\u00fde guramalary bilen gatna\u015fyklary \u00f6sd\u00fcrm\u00e4ge m\u00f6h\u00fcm \u00e4hmi\u00fdet ber\u00fd\u00e4r. \u015eunu\u0148 bilen baglylykda, \u00fdurdumyzy\u0148 Saud \u00f6s\u00fc\u015f gaznasy bilen hyzmatda\u015flygyny\u0148 \u00fdokary derejesi kanagatlanma bilen bellenildi.<br \/>\nT\u00fcrkmenistan k\u00f6p \u00fdyllary\u0148 dowamynda bu gazna bilen hyzmatda\u015flyk edip gel\u00fd\u00e4r. Ge\u00e7en d\u00f6wr\u00fc\u0148 i\u00e7inde gazna \u00fdurdumyzda amala a\u015fyrylan birn\u00e4\u00e7e milli we halkara \u00e4hmi\u00fdetli iri taslamalary mali\u00fdele\u015fdirm\u00e4ge i\u015fje\u0148 gatna\u015fdy. Saglygy gora\u00fdy\u015f, ulag-aragatna\u015fyk, mali\u00fde ulgamlaryndaky taslamalar munu\u0148 a\u00fddy\u0148 mysalydyr. Bu taslamalary\u0148 durmu\u015fa ge\u00e7irilmegi di\u0148e olara gatna\u015fyjy \u00fdurtlary\u0148 d\u00e4l-de, e\u00fdsem, sebit \u00fdurtlaryny\u0148 halklaryny\u0148 b\u00e4hbidine hem hyzmat ed\u00fd\u00e4r di\u00fdip, hormatly Prezidentimiz belledi hem-de T\u00fcrkmenistan bilen Saud \u00f6s\u00fc\u015f gaznasyny\u0148 arasyndaky \u00f6zara hyzmatda\u015flygy pugtalandyrmaga ber\u00fd\u00e4n goldawy \u00fc\u00e7in myhmana t\u00fc\u00fds \u00fd\u00fcrekden minnetdarlyk bildirip, \u00fdurdumyzy\u0148 netijeli hyzmatda\u015flygy mundan be\u00fdl\u00e4k-de \u00f6sd\u00fcrmegi maksat edin\u00fd\u00e4ndigini tassyklady.<br \/>\nMyhman hyzmatda\u015flygy\u0148 \u00e7\u00e4klerinde Saud \u00f6s\u00fc\u015f gaznasyny\u0148 saglygy gora\u00fdy\u015f we ulag ulgamlarynda birn\u00e4\u00e7e taslamalary mali\u00fdele\u015fdirmek i\u015fine gatna\u015f\u00fdandygyna \u00f6r\u00e4n \u015fatdygyny hem-de okgunly \u00f6s\u00fd\u00e4n, geljegi uly t\u00fcrkmen bazaryny\u0148 ma\u00fda go\u00fdum babatda \u00f6z\u00fcne \u00e7ekijiligini\u0148 a\u00fdratyn gyzyklanma d\u00f6red\u00fd\u00e4ndigini belledi.<br \/>\nDu\u015fu\u015fygy\u0148 ahyrynda hormatly Prezidentimiz Serdar Berdimuhamedow we Saud \u00f6s\u00fc\u015f gaznasyny\u0148 Ba\u015f \u00fderine \u00fdetiriji direktory Sultan Abdulrahman Al-Mar\u015fad birek-birege berk jan saglyk, alyp bar\u00fdan jogapk\u00e4rli i\u015flerinde uly \u00fcst\u00fcnlikleri arzuw etdiler.<\/p>\n<p style=\"text-align: center;\"><strong>***<\/strong><\/p>\n<p>\u015eol g\u00fcn Saud \u00f6s\u00fc\u015f gaznasyny\u0148 Ba\u015f \u00fderine \u00fdetiriji direktory Sultan Abdulrahman Al-Mar\u015fady\u0148 \u00fdolba\u015f\u00e7ylygyndaky wekili\u00fdeti\u0148 saparyny\u0148 \u00e7\u00e4klerinde T\u00fcrkmenistany\u0148 D\u00f6wlet da\u015fary ykdysady i\u015f bankyny\u0148 \u00fdolba\u015f\u00e7ylary bilen du\u015fu\u015fyk ge\u00e7irildi. Du\u015fu\u015fygy\u0148 dowamynda ikitarapla\u00fdyn hyzmatda\u015flygy mundan be\u00fdl\u00e4k-de \u00f6sd\u00fcrmek meselelerine garaldy we T\u00fcrkmenistany\u0148 H\u00f6k\u00fcmeti bilen Saud \u00f6s\u00fc\u015f gaznasyny\u0148 arasynda degi\u015fli resminama gol \u00e7ekildi.<\/p>\n","protected":false},"excerpt":{"rendered":"<p>7-nji \u00fdanwarda hormatly Prezidentimiz Serdar Berdimuhamedow Saud \u00f6s\u00fc\u015f gaznasyny\u0148 Ba\u015f \u00fderine \u00fdetiriji direktory Sultan Abdulrahman Al-Mar\u015fady kabul etdi. Myhman wagt tapyp kabul edendigi \u00fc\u00e7in ho\u015fallyk bildirip, Saud Arabystanyny\u0148 T\u00fcrkmenistan bilen d\u00fcrli ugurlarda \u00f6zara b\u00e4hbitli hyzmatda\u015flyga uly \u00e4hmi\u00fdet ber\u00fd\u00e4ndigini belledi. D\u00f6wlet Ba\u015ftutanymyz myhmany m\u00e4hirli m\u00fcb\u00e4rekl\u00e4p, onu\u0148 T\u00fcrkmenistana ilkinji saparyny\u0148 \u00fdurtlarymyzy\u0148 mali\u00fde we ykdysady ulgamdaky \u00f6zara b\u00e4hbitli [&hellip;]<\/p>\n","protected":false},"author":2,"featured_media":124101,"comment_status":"open","ping_status":"closed","sticky":false,"template":"","format":"standard","meta":{"footnotes":""},"categories":[3],"tags":[],"acf":[],"_links":{"self":[{"href":"https:\/\/zamanturkmenistan.com.tm\/index.php?rest_route=\/wp\/v2\/posts\/124100"}],"collection":[{"href":"https:\/\/zamanturkmenistan.com.tm\/index.php?rest_route=\/wp\/v2\/posts"}],"about":[{"href":"https:\/\/zamanturkmenistan.com.tm\/index.php?rest_route=\/wp\/v2\/types\/post"}],"author":[{"embeddable":true,"href":"https:\/\/zamanturkmenistan.com.tm\/index.php?rest_route=\/wp\/v2\/users\/2"}],"replies":[{"embeddable":true,"href":"https:\/\/zamanturkmenistan.com.tm\/index.php?rest_route=%2Fwp%2Fv2%2Fcomments&post=124100"}],"version-history":[{"count":1,"href":"https:\/\/zamanturkmenistan.com.tm\/index.php?rest_route=\/wp\/v2\/posts\/124100\/revisions"}],"predecessor-version":[{"id":124102,"href":"https:\/\/zamanturkmenistan.com.tm\/index.php?rest_route=\/wp\/v2\/posts\/124100\/revisions\/124102"}],"wp:featuredmedia":[{"embeddable":true,"href":"https:\/\/zamanturkmenistan.com.tm\/index.php?rest_route=\/wp\/v2\/media\/124101"}],"wp:attachment":[{"href":"https:\/\/zamanturkmenistan.com.tm\/index.php?rest_route=%2Fwp%2Fv2%2Fmedia&parent=124100"}],"wp:term":[{"taxonomy":"category","embeddable":true,"href":"https:\/\/zamanturkmenistan.com.tm\/index.php?rest_route=%2Fwp%2Fv2%2Fcategories&post=124100"},{"taxonomy":"post_tag","embeddable":true,"href":"https:\/\/zamanturkmenistan.com.tm\/index.php?rest_route=%2Fwp%2Fv2%2Ftags&post=124100"}],"curies":[{"name":"wp","href":"https:\/\/api.w.org\/{rel}","templated":true}]}}