{"id":124121,"date":"2025-01-08T10:41:55","date_gmt":"2025-01-08T05:41:55","guid":{"rendered":"https:\/\/zamanturkmenistan.com.tm\/?p=124121"},"modified":"2025-01-08T10:41:55","modified_gmt":"2025-01-08T05:41:55","slug":"samarkandda-merkezi-aziya-yewropa-bilelesiginin-sammiti-geciriler","status":"publish","type":"post","link":"https:\/\/zamanturkmenistan.com.tm\/?p=124121","title":{"rendered":"Samarkandda Merkezi Azi\u00fda-\u00ddewropa Bilele\u015figini\u0148 sammiti ge\u00e7iriler"},"content":{"rendered":"<p>Merkezi Azi\u00fda-\u00ddewropa Bilele\u015figini\u0148 \u00fc\u00e7\u00fcnji sammiti \u015fu \u00fdyly\u0148 birinji \u00fdarymynda Samarkandda (\u00d6zbegistan) ge\u00e7iriler.<br \/>\n\u00d6zbegistany\u0148 da\u015fary i\u015fler ministrligini\u0148 metbugat gullugyny\u0148 habaryna g\u00f6r\u00e4, da\u015fary i\u015fler ministri Bagty\u00fdar Saidow \u00ddewropa Bilele\u015figini\u0148 da\u015fary gatna\u015fyklar we howpsuzlyk sy\u00fdasaty bo\u00fdun\u00e7a \u00fdokary wekili Ka\u00fda Kallas bilen telefon arkaly s\u00f6hbetde\u015flik ge\u00e7irdi.<br \/>\nS\u00f6hbetde\u015fligi\u0148 dowamynda taraplar ikitarapla\u00fdyn we k\u00f6ptarapla\u00fdyn hyzmatda\u015flygy\u0148 \u00f6s\u00fc\u015fi barada pikir aly\u015fdylar. Taraplar Merkezi Azi\u00fda bilen \u00ddewropany\u0148 arasyndaky gatna\u015fyklary\u0148 \u00e7alt depginde \u00f6s\u00fd\u00e4ndigini bell\u00e4p, \u00f6zara hyzmatda\u015flygy\u0148 netijesinde k\u00f6p netijeleri gazanandyklaryny we mundan be\u00fdl\u00e4kki gatna\u015fyklar \u00fc\u00e7in m\u00fcmkin\u00e7ilikleri\u0148 bardygyny bellediler.<br \/>\nTaraplar ozal yza s\u00fc\u00fd\u015f\u00fcrilen 3-nji Merkezi Azi\u00fda-\u00ddewropa Bilele\u015figini\u0148 sammitini\u0148 \u015fu \u00fdyly\u0148 birinji \u00fdarymynda taryhy Samarkand \u015f\u00e4herinde ge\u00e7iriljekdigini habar berdiler.<br \/>\nMerkezi Azi\u00fda-\u00ddewropa Bilele\u015figini\u0148 3-nji sammiti ge\u00e7en \u00fdazda Samarkantda ge\u00e7irilmegi me\u00fdille\u015fdirilipdi, \u00fd\u00f6ne birn\u00e4\u00e7e seb\u00e4plere g\u00f6r\u00e4 yza s\u00fc\u00fd\u015f\u00fcrilipdi.<br \/>\nMerkezi Azi\u00fda d\u00f6wletlerini\u0148 ba\u015ftutanlaryny we \u00ddewropa Bilele\u015figini\u0148 \u00fdokary wezipeli \u00fdolba\u015f\u00e7ylaryny gatna\u015fmagynda ge\u00e7irilen ilkinji Merkezi Azi\u00fda-\u00ddewropa Bilele\u015figi sammiti 2022-nji \u00fdyly\u0148 okt\u00fdabr a\u00fdynda Gazagystany\u0148 pa\u00fdtagty Astanada, ikinjisi 2023-nji \u00fdyly\u0148 i\u00fdun a\u00fdynda \u00c7olpan-Atada (Gyrgyzystan) ge\u00e7irildi.<\/p>\n","protected":false},"excerpt":{"rendered":"<p>Merkezi Azi\u00fda-\u00ddewropa Bilele\u015figini\u0148 \u00fc\u00e7\u00fcnji sammiti \u015fu \u00fdyly\u0148 birinji \u00fdarymynda Samarkandda (\u00d6zbegistan) ge\u00e7iriler. \u00d6zbegistany\u0148 da\u015fary i\u015fler ministrligini\u0148 metbugat gullugyny\u0148 habaryna g\u00f6r\u00e4, da\u015fary i\u015fler ministri Bagty\u00fdar Saidow \u00ddewropa Bilele\u015figini\u0148 da\u015fary gatna\u015fyklar we howpsuzlyk sy\u00fdasaty bo\u00fdun\u00e7a \u00fdokary wekili Ka\u00fda Kallas bilen telefon arkaly s\u00f6hbetde\u015flik ge\u00e7irdi. S\u00f6hbetde\u015fligi\u0148 dowamynda taraplar ikitarapla\u00fdyn we k\u00f6ptarapla\u00fdyn hyzmatda\u015flygy\u0148 \u00f6s\u00fc\u015fi barada pikir aly\u015fdylar. Taraplar Merkezi [&hellip;]<\/p>\n","protected":false},"author":2,"featured_media":124115,"comment_status":"open","ping_status":"closed","sticky":false,"template":"","format":"standard","meta":{"footnotes":""},"categories":[5],"tags":[],"acf":[],"_links":{"self":[{"href":"https:\/\/zamanturkmenistan.com.tm\/index.php?rest_route=\/wp\/v2\/posts\/124121"}],"collection":[{"href":"https:\/\/zamanturkmenistan.com.tm\/index.php?rest_route=\/wp\/v2\/posts"}],"about":[{"href":"https:\/\/zamanturkmenistan.com.tm\/index.php?rest_route=\/wp\/v2\/types\/post"}],"author":[{"embeddable":true,"href":"https:\/\/zamanturkmenistan.com.tm\/index.php?rest_route=\/wp\/v2\/users\/2"}],"replies":[{"embeddable":true,"href":"https:\/\/zamanturkmenistan.com.tm\/index.php?rest_route=%2Fwp%2Fv2%2Fcomments&post=124121"}],"version-history":[{"count":1,"href":"https:\/\/zamanturkmenistan.com.tm\/index.php?rest_route=\/wp\/v2\/posts\/124121\/revisions"}],"predecessor-version":[{"id":124122,"href":"https:\/\/zamanturkmenistan.com.tm\/index.php?rest_route=\/wp\/v2\/posts\/124121\/revisions\/124122"}],"wp:featuredmedia":[{"embeddable":true,"href":"https:\/\/zamanturkmenistan.com.tm\/index.php?rest_route=\/wp\/v2\/media\/124115"}],"wp:attachment":[{"href":"https:\/\/zamanturkmenistan.com.tm\/index.php?rest_route=%2Fwp%2Fv2%2Fmedia&parent=124121"}],"wp:term":[{"taxonomy":"category","embeddable":true,"href":"https:\/\/zamanturkmenistan.com.tm\/index.php?rest_route=%2Fwp%2Fv2%2Fcategories&post=124121"},{"taxonomy":"post_tag","embeddable":true,"href":"https:\/\/zamanturkmenistan.com.tm\/index.php?rest_route=%2Fwp%2Fv2%2Ftags&post=124121"}],"curies":[{"name":"wp","href":"https:\/\/api.w.org\/{rel}","templated":true}]}}