{"id":124175,"date":"2025-01-09T10:50:08","date_gmt":"2025-01-09T05:50:08","guid":{"rendered":"https:\/\/zamanturkmenistan.com.tm\/?p=124175"},"modified":"2025-01-09T10:50:08","modified_gmt":"2025-01-09T05:50:08","slug":"wagtlayyn-kansler-wezipesini-yerine-yetirer","status":"publish","type":"post","link":"https:\/\/zamanturkmenistan.com.tm\/?p=124175","title":{"rendered":"Wagtla\u00fdyn Kansler wezipesini \u00fderine \u00fdetirer"},"content":{"rendered":"<p>Awstri\u00fdany\u0148 da\u015fary i\u015fler ministri Aleksandr \u015eallenberg wagtla\u00fdyn esasda Kansler wezipesini \u00fderine \u00fdetirer. Mu\u0148a gola\u00fdda Karl Nehammeri\u0148 Kansler wezipesinden \u00e7ekilmegi seb\u00e4p boldy. Bu barada Awstri\u00fdany\u0148 APA habarlar gullugy habar berdi.<br \/>\nAwstri\u00fdany\u0148 Prezidenti Aleksandr Wan der Belleni\u0148 diwanyna salgylanyp, &#8220;APA&#8221;-ny\u0148 habar bermegine g\u00f6r\u00e4, A.\u015eallenberg 10-njy \u00fdanwarda K. Nehammer resmi ta\u00fddan wezipesinden \u00e7ekilenden so\u0148 t\u00e4ze kabinet d\u00f6redil\u00fd\u00e4n\u00e7\u00e4 wagtla\u00fdyn h\u00f6k\u00fcmete \u00fdolba\u015f\u00e7ylyk eder.<br \/>\n55 \u00fda\u015fly A.\u015eallenberg 2019-njy \u00fdyldan b\u00e4ri Awstri\u00fdany\u0148 da\u015fary i\u015fler ministri bolup i\u015fle\u00fd\u00e4r.<br \/>\n6-njy \u00fdanwarda Aleksandr Wan der Bellen a\u015fa sag\u00e7y Awstri\u00fda azatlyk parti\u00fdasyny\u0148 lideri Gerbert Kikle t\u00e4ze h\u00f6k\u00fcmet gurmagy tab\u015fyrdy.<\/p>\n","protected":false},"excerpt":{"rendered":"<p>Awstri\u00fdany\u0148 da\u015fary i\u015fler ministri Aleksandr \u015eallenberg wagtla\u00fdyn esasda Kansler wezipesini \u00fderine \u00fdetirer. Mu\u0148a gola\u00fdda Karl Nehammeri\u0148 Kansler wezipesinden \u00e7ekilmegi seb\u00e4p boldy. Bu barada Awstri\u00fdany\u0148 APA habarlar gullugy habar berdi. Awstri\u00fdany\u0148 Prezidenti Aleksandr Wan der Belleni\u0148 diwanyna salgylanyp, &#8220;APA&#8221;-ny\u0148 habar bermegine g\u00f6r\u00e4, A.\u015eallenberg 10-njy \u00fdanwarda K. Nehammer resmi ta\u00fddan wezipesinden \u00e7ekilenden so\u0148 t\u00e4ze kabinet d\u00f6redil\u00fd\u00e4n\u00e7\u00e4 wagtla\u00fdyn [&hellip;]<\/p>\n","protected":false},"author":2,"featured_media":124176,"comment_status":"open","ping_status":"closed","sticky":false,"template":"","format":"standard","meta":{"footnotes":""},"categories":[5],"tags":[],"acf":[],"_links":{"self":[{"href":"https:\/\/zamanturkmenistan.com.tm\/index.php?rest_route=\/wp\/v2\/posts\/124175"}],"collection":[{"href":"https:\/\/zamanturkmenistan.com.tm\/index.php?rest_route=\/wp\/v2\/posts"}],"about":[{"href":"https:\/\/zamanturkmenistan.com.tm\/index.php?rest_route=\/wp\/v2\/types\/post"}],"author":[{"embeddable":true,"href":"https:\/\/zamanturkmenistan.com.tm\/index.php?rest_route=\/wp\/v2\/users\/2"}],"replies":[{"embeddable":true,"href":"https:\/\/zamanturkmenistan.com.tm\/index.php?rest_route=%2Fwp%2Fv2%2Fcomments&post=124175"}],"version-history":[{"count":1,"href":"https:\/\/zamanturkmenistan.com.tm\/index.php?rest_route=\/wp\/v2\/posts\/124175\/revisions"}],"predecessor-version":[{"id":124178,"href":"https:\/\/zamanturkmenistan.com.tm\/index.php?rest_route=\/wp\/v2\/posts\/124175\/revisions\/124178"}],"wp:featuredmedia":[{"embeddable":true,"href":"https:\/\/zamanturkmenistan.com.tm\/index.php?rest_route=\/wp\/v2\/media\/124176"}],"wp:attachment":[{"href":"https:\/\/zamanturkmenistan.com.tm\/index.php?rest_route=%2Fwp%2Fv2%2Fmedia&parent=124175"}],"wp:term":[{"taxonomy":"category","embeddable":true,"href":"https:\/\/zamanturkmenistan.com.tm\/index.php?rest_route=%2Fwp%2Fv2%2Fcategories&post=124175"},{"taxonomy":"post_tag","embeddable":true,"href":"https:\/\/zamanturkmenistan.com.tm\/index.php?rest_route=%2Fwp%2Fv2%2Ftags&post=124175"}],"curies":[{"name":"wp","href":"https:\/\/api.w.org\/{rel}","templated":true}]}}