{"id":124366,"date":"2025-01-10T17:28:37","date_gmt":"2025-01-10T12:28:37","guid":{"rendered":"https:\/\/zamanturkmenistan.com.tm\/?p=124366"},"modified":"2025-01-10T16:29:19","modified_gmt":"2025-01-10T11:29:19","slug":"in-yssy-yyl-boldy","status":"publish","type":"post","link":"https:\/\/zamanturkmenistan.com.tm\/?p=124366","title":{"rendered":"I\u0148 ys\u00adsy \u00fdyl bol\u00addy"},"content":{"rendered":"<p>Ho\u00adwa\u00adny\u0148 \u00fc\u00fdt\u00adge\u00adme\u00adgi bo\u00ad\u00fdun\u00ad\u00e7a \u00ddew\u00adro\u00adpa\u00adny\u0148 \u00abCoper\u00adnicus\u00bb gul\u00adlu\u00adgy ge\u00ad\u00e7en \u00fdy\u00adly\u0148 1850-nji \u00fdyl\u00addan b\u00e4ri i\u0148 ys\u00adsy \u00fdyl bo\u00adlan\u00addy\u00adgy\u00adny m\u00e4\u00adlim et\u00addi. 2024-nji \u00fdyl\u00adda \u00dde\u00adri\u0148 or\u00adta\u00ad\u00e7a tem\u00adpe\u00adra\u00adtu\u00adra\u00adsy 15,10 de\u00adre\u00adje bol\u00addy. Bu g\u00f6r\u00adke\u00adzi\u00adji 1991-2020-nji \u00fdyl\u00adlar ara\u00adly\u00adgyn\u00adda\u00adky or\u00adta\u00ad\u00e7a tem\u00adpe\u00adra\u00adtu\u00adra\u00addan 0,72 de\u00adre\u00adje, 2023-nji \u00fdyl\u00adda\u00adky\u00addan 0,12 de\u00adre\u00adje \u00fdo\u00adka\u00adry\u00addyr. \u015ee\u00fd\u00adle\u00adlik\u00adde, 2024-nji \u00fdyl se\u00adna\u00adgat\u00addan ozal\u00adky d\u00f6\u00adw\u00fcr ha\u00adsap edil\u00ad\u00fd\u00e4n 1850-1900-nji \u00fdyl\u00adla\u00adry\u0148 or\u00adta\u00ad\u00e7a tem\u00adpe\u00adra\u00adtu\u00adra\u00adsyn\u00addan 1,5 de\u00adre\u00adje ys\u00adsy bol\u00addy. Gul\u00adlu\u00adgy\u0148 mag\u00adlu\u00adma\u00adty\u00adna g\u00f6\u00adr\u00e4, g\u00fcn\u00adde\u00adlik or\u00adta\u00ad\u00e7a i\u0148 \u00fdo\u00adka\u00adry tem\u00adpe\u00adra\u00adtu\u00adra 22-nji i\u00fdul\u00adda ha\u00adsa\u00adba al\u00adnyp\u00addyr. \u015eol g\u00fcn pla\u00adne\u00adta\u00admy\u00adzy\u0148 ho\u00adwa\u00adsy or\u00adta\u00ad\u00e7a 17,16 de\u00adre\u00adje bo\u00adlup\u00addyr. Ge\u00ad\u00e7en \u00fdy\u00adly\u0148 to\u00admus a\u00fd\u00adla\u00adry hem i\u0148 ys\u00adsy to\u00admus pas\u00adly bo\u00adlup\u00addyr.<\/p>\n<p style=\"text-align: right;\"><strong>S\u00fclg\u00fcn Owwadowa,<\/strong><br \/>\n<strong>D\u00f6wletm\u00e4mmet Azady adyndaky T\u00fcrkmen milli d\u00fcn\u00fd\u00e4 dilleri institutyny\u0148 magistranty.<\/strong><\/p>\n","protected":false},"excerpt":{"rendered":"<p>Ho\u00adwa\u00adny\u0148 \u00fc\u00fdt\u00adge\u00adme\u00adgi bo\u00ad\u00fdun\u00ad\u00e7a \u00ddew\u00adro\u00adpa\u00adny\u0148 \u00abCoper\u00adnicus\u00bb gul\u00adlu\u00adgy ge\u00ad\u00e7en \u00fdy\u00adly\u0148 1850-nji \u00fdyl\u00addan b\u00e4ri i\u0148 ys\u00adsy \u00fdyl bo\u00adlan\u00addy\u00adgy\u00adny m\u00e4\u00adlim et\u00addi. 2024-nji \u00fdyl\u00adda \u00dde\u00adri\u0148 or\u00adta\u00ad\u00e7a tem\u00adpe\u00adra\u00adtu\u00adra\u00adsy 15,10 de\u00adre\u00adje bol\u00addy. Bu g\u00f6r\u00adke\u00adzi\u00adji 1991-2020-nji \u00fdyl\u00adlar ara\u00adly\u00adgyn\u00adda\u00adky or\u00adta\u00ad\u00e7a tem\u00adpe\u00adra\u00adtu\u00adra\u00addan 0,72 de\u00adre\u00adje, 2023-nji \u00fdyl\u00adda\u00adky\u00addan 0,12 de\u00adre\u00adje \u00fdo\u00adka\u00adry\u00addyr. \u015ee\u00fd\u00adle\u00adlik\u00adde, 2024-nji \u00fdyl se\u00adna\u00adgat\u00addan ozal\u00adky d\u00f6\u00adw\u00fcr ha\u00adsap edil\u00ad\u00fd\u00e4n 1850-1900-nji \u00fdyl\u00adla\u00adry\u0148 or\u00adta\u00ad\u00e7a tem\u00adpe\u00adra\u00adtu\u00adra\u00adsyn\u00addan 1,5 de\u00adre\u00adje ys\u00adsy bol\u00addy. [&hellip;]<\/p>\n","protected":false},"author":2,"featured_media":110286,"comment_status":"open","ping_status":"closed","sticky":false,"template":"","format":"standard","meta":{"footnotes":""},"categories":[5],"tags":[],"acf":[],"_links":{"self":[{"href":"https:\/\/zamanturkmenistan.com.tm\/index.php?rest_route=\/wp\/v2\/posts\/124366"}],"collection":[{"href":"https:\/\/zamanturkmenistan.com.tm\/index.php?rest_route=\/wp\/v2\/posts"}],"about":[{"href":"https:\/\/zamanturkmenistan.com.tm\/index.php?rest_route=\/wp\/v2\/types\/post"}],"author":[{"embeddable":true,"href":"https:\/\/zamanturkmenistan.com.tm\/index.php?rest_route=\/wp\/v2\/users\/2"}],"replies":[{"embeddable":true,"href":"https:\/\/zamanturkmenistan.com.tm\/index.php?rest_route=%2Fwp%2Fv2%2Fcomments&post=124366"}],"version-history":[{"count":1,"href":"https:\/\/zamanturkmenistan.com.tm\/index.php?rest_route=\/wp\/v2\/posts\/124366\/revisions"}],"predecessor-version":[{"id":124367,"href":"https:\/\/zamanturkmenistan.com.tm\/index.php?rest_route=\/wp\/v2\/posts\/124366\/revisions\/124367"}],"wp:featuredmedia":[{"embeddable":true,"href":"https:\/\/zamanturkmenistan.com.tm\/index.php?rest_route=\/wp\/v2\/media\/110286"}],"wp:attachment":[{"href":"https:\/\/zamanturkmenistan.com.tm\/index.php?rest_route=%2Fwp%2Fv2%2Fmedia&parent=124366"}],"wp:term":[{"taxonomy":"category","embeddable":true,"href":"https:\/\/zamanturkmenistan.com.tm\/index.php?rest_route=%2Fwp%2Fv2%2Fcategories&post=124366"},{"taxonomy":"post_tag","embeddable":true,"href":"https:\/\/zamanturkmenistan.com.tm\/index.php?rest_route=%2Fwp%2Fv2%2Ftags&post=124366"}],"curies":[{"name":"wp","href":"https:\/\/api.w.org\/{rel}","templated":true}]}}