{"id":124434,"date":"2025-01-11T09:54:30","date_gmt":"2025-01-11T04:54:30","guid":{"rendered":"https:\/\/zamanturkmenistan.com.tm\/?p=124434"},"modified":"2025-01-11T09:54:30","modified_gmt":"2025-01-11T04:54:30","slug":"arkadag-saherinde-ceper-halycylyk-karhanasy-gurlar","status":"publish","type":"post","link":"https:\/\/zamanturkmenistan.com.tm\/?p=124434","title":{"rendered":"Arkadag \u015f\u00e4herinde \u00e7eper haly\u00e7ylyk k\u00e4rhanasy gurlar"},"content":{"rendered":"<p><strong><em>T\u00fcrkmenistany\u0148 Prezidentini\u0148 \u00fdanyndaky Arkadag \u015f\u00e4herini\u0148 gurlu\u015fygy d\u00f6wlet komitetine \u201cAja\u00fdyp gurlu\u015fyk\u201d hususy k\u00e4rhanasy bilen \u015fertnama bagla\u015fmaga ygty\u00fdar berildi.<\/em><\/strong><\/p>\n<p>\u00abBerkarar d\u00f6wleti\u0148 t\u00e4ze e\u00fd\u00fdamyny\u0148 Galkyny\u015fy: T\u00fcrkmenistany 2022 \u2014 2052-nji \u00fdyllarda durmu\u015f-ykdysady ta\u00fddan \u00f6sd\u00fcrmegi\u0148 Milli maksatnamasynda\u00bb bellenen wezipeleri \u00fcst\u00fcnlikli durmu\u015fa ge\u00e7irmek, Arkadag \u015f\u00e4herini\u0148 binag\u00e4rlik-\u015f\u00e4hergurlu\u015fyk ke\u015fbini has-da g\u00f6zelle\u015fdirmek, \u015fe\u00fdle hem \u201cArkadag \u015f\u00e4herini 2024 \u2014 2052-nji \u00fdyllarda \u00f6sd\u00fcrmegi\u0148 Konsepsi\u00fdasyndan\u201d gelip \u00e7yk\u00fdan wezipeleri \u00fderine \u00fdetirmek maksady bilen, T\u00fcrkmenistany\u0148 Prezidenti Karara gol \u00e7ekdi. Resminama la\u00fdyklykda, T\u00fcrkmenistany\u0148 Prezidentini\u0148 \u00fdanyndaky Arkadag \u015f\u00e4herini\u0148 gurlu\u015fygy bo\u00fdun\u00e7a d\u00f6wlet komitetine Arkadag \u015f\u00e4herinde \u00e7eper haly\u00e7ylyk k\u00e4rhanasyny\u0148 hem-de T\u00fcrkmen halysyny\u0148 we el i\u015flerini\u0148 milli muze\u00fdini\u0148 taslamasyny d\u00fczmek hem-de ony \u00fdana\u015fyk \u00fderlerini abadanla\u015fdyryp gurmak barada \u00abAja\u00fdyp gurlu\u015fyk\u00bb hususy k\u00e4rhanasy bilen \u015fertnama bagla\u015fmaga ygty\u00fdar berildi.<br \/>\nGurlu\u015fyk i\u015flerine 2025-nji \u00fdyly\u0148 \u00fdanwar a\u00fdynda ba\u015flamak hem-de binany 2027-nji \u00fdyly\u0148 \u00fdanwar a\u00fdynda ulanmaga doly ta\u00fd\u00fdar edip tab\u015fyrmak bellenildi.<\/p>\n","protected":false},"excerpt":{"rendered":"<p>T\u00fcrkmenistany\u0148 Prezidentini\u0148 \u00fdanyndaky Arkadag \u015f\u00e4herini\u0148 gurlu\u015fygy d\u00f6wlet komitetine \u201cAja\u00fdyp gurlu\u015fyk\u201d hususy k\u00e4rhanasy bilen \u015fertnama bagla\u015fmaga ygty\u00fdar berildi. \u00abBerkarar d\u00f6wleti\u0148 t\u00e4ze e\u00fd\u00fdamyny\u0148 Galkyny\u015fy: T\u00fcrkmenistany 2022 \u2014 2052-nji \u00fdyllarda durmu\u015f-ykdysady ta\u00fddan \u00f6sd\u00fcrmegi\u0148 Milli maksatnamasynda\u00bb bellenen wezipeleri \u00fcst\u00fcnlikli durmu\u015fa ge\u00e7irmek, Arkadag \u015f\u00e4herini\u0148 binag\u00e4rlik-\u015f\u00e4hergurlu\u015fyk ke\u015fbini has-da g\u00f6zelle\u015fdirmek, \u015fe\u00fdle hem \u201cArkadag \u015f\u00e4herini 2024 \u2014 2052-nji \u00fdyllarda \u00f6sd\u00fcrmegi\u0148 Konsepsi\u00fdasyndan\u201d gelip \u00e7yk\u00fdan [&hellip;]<\/p>\n","protected":false},"author":2,"featured_media":78892,"comment_status":"open","ping_status":"closed","sticky":false,"template":"","format":"standard","meta":{"footnotes":""},"categories":[3],"tags":[],"acf":[],"_links":{"self":[{"href":"https:\/\/zamanturkmenistan.com.tm\/index.php?rest_route=\/wp\/v2\/posts\/124434"}],"collection":[{"href":"https:\/\/zamanturkmenistan.com.tm\/index.php?rest_route=\/wp\/v2\/posts"}],"about":[{"href":"https:\/\/zamanturkmenistan.com.tm\/index.php?rest_route=\/wp\/v2\/types\/post"}],"author":[{"embeddable":true,"href":"https:\/\/zamanturkmenistan.com.tm\/index.php?rest_route=\/wp\/v2\/users\/2"}],"replies":[{"embeddable":true,"href":"https:\/\/zamanturkmenistan.com.tm\/index.php?rest_route=%2Fwp%2Fv2%2Fcomments&post=124434"}],"version-history":[{"count":1,"href":"https:\/\/zamanturkmenistan.com.tm\/index.php?rest_route=\/wp\/v2\/posts\/124434\/revisions"}],"predecessor-version":[{"id":124435,"href":"https:\/\/zamanturkmenistan.com.tm\/index.php?rest_route=\/wp\/v2\/posts\/124434\/revisions\/124435"}],"wp:featuredmedia":[{"embeddable":true,"href":"https:\/\/zamanturkmenistan.com.tm\/index.php?rest_route=\/wp\/v2\/media\/78892"}],"wp:attachment":[{"href":"https:\/\/zamanturkmenistan.com.tm\/index.php?rest_route=%2Fwp%2Fv2%2Fmedia&parent=124434"}],"wp:term":[{"taxonomy":"category","embeddable":true,"href":"https:\/\/zamanturkmenistan.com.tm\/index.php?rest_route=%2Fwp%2Fv2%2Fcategories&post=124434"},{"taxonomy":"post_tag","embeddable":true,"href":"https:\/\/zamanturkmenistan.com.tm\/index.php?rest_route=%2Fwp%2Fv2%2Ftags&post=124434"}],"curies":[{"name":"wp","href":"https:\/\/api.w.org\/{rel}","templated":true}]}}