{"id":124436,"date":"2025-01-11T09:59:13","date_gmt":"2025-01-11T04:59:13","guid":{"rendered":"https:\/\/zamanturkmenistan.com.tm\/?p=124436"},"modified":"2025-01-11T09:59:13","modified_gmt":"2025-01-11T04:59:13","slug":"arkadag-saherinde-yerli-gurlusyk-karhanalary-gurlusyk-islerini-alyp-barar","status":"publish","type":"post","link":"https:\/\/zamanturkmenistan.com.tm\/?p=124436","title":{"rendered":"Arkadag \u015f\u00e4herinde \u00fderli gurlu\u015fyk k\u00e4rhanalary gurlu\u015fyk i\u015flerini alyp barar"},"content":{"rendered":"<p><em><strong>T\u00fcrkmenistany\u0148 Prezidentini\u0148 \u00fdanyndaky Arkadag \u015f\u00e4herini\u0148 gurlu\u015fygy bo\u00fdun\u00e7a d\u00f6wlet komitetine \u00fderli gurlu\u015fyk k\u00e4rhanalary bilen \u015fertnamalary bagla\u015fmaga ygty\u00fdar berildi.<\/strong><\/em><\/p>\n<p>\u00abBerkarar d\u00f6wleti\u0148 t\u00e4ze e\u00fd\u00fdamyny\u0148 Galkyny\u015fy: T\u00fcrkmenistany 2022 \u2014 2052-nji \u00fdyllarda durmu\u015f-ykdysady ta\u00fddan \u00f6sd\u00fcrmegi\u0148 Milli maksatnamasynda\u00bb bellenen wezipeleri \u00fcst\u00fcnlikli durmu\u015fa ge\u00e7irmek, Arkadag \u015f\u00e4herini\u0148 binag\u00e4rlik-\u015f\u00e4hergurlu\u015fyk ke\u015fbini has-da g\u00f6zelle\u015fdirmek, \u015fe\u00fdle hem \u201cArkadag \u015f\u00e4herini 2024 \u2014 2052-nji \u00fdyllarda \u00f6sd\u00fcrmegi\u0148 Konsepsi\u00fdasyndan\u201d gelip \u00e7yk\u00fdan wezipeleri \u00fderine \u00fdetirmek maksady bilen, T\u00fcrkmenistany\u0148 Prezidenti Karara gol \u00e7ekdi. Resminama la\u00fdyklykda, T\u00fcrkmenistany\u0148 Prezidentini\u0148 \u00fdanyndaky Arkadag \u015f\u00e4herini\u0148 gurlu\u015fygy bo\u00fdun\u00e7a d\u00f6wlet komitetine degi\u015fli in\u017eener\u00e7ilik ulgamlaryny\u0148 hem-de desgalaryny\u0148 taslamalaryny d\u00fczmek we olary \u00fdana\u015fyk \u00fderlerini abadanla\u015fdyryp gurmak barada \u00fderli gurlu\u015fyk k\u00e4rhanalary bilen \u015fertnamalary bagla\u015fmaga ygty\u00fdar berildi.<br \/>\nGurlu\u015fyk i\u015flerine 2025-nji \u00fdyly\u0148 \u00fdanwar a\u00fdynda ba\u015flamak hem-de degi\u015fli in\u017eener\u00e7ilik ulgamlaryny, desgalary, i\u00e7erki we da\u015farky eltiji elektrik, gaz hem-de aragatna\u015fyk ulgamlaryny 2027-nji \u00fdyly\u0148 \u00fdanwar a\u00fdynda ulanmaga doly ta\u00fd\u00fdar edip tab\u015fyrmak bellenildi.<\/p>\n","protected":false},"excerpt":{"rendered":"<p>T\u00fcrkmenistany\u0148 Prezidentini\u0148 \u00fdanyndaky Arkadag \u015f\u00e4herini\u0148 gurlu\u015fygy bo\u00fdun\u00e7a d\u00f6wlet komitetine \u00fderli gurlu\u015fyk k\u00e4rhanalary bilen \u015fertnamalary bagla\u015fmaga ygty\u00fdar berildi. \u00abBerkarar d\u00f6wleti\u0148 t\u00e4ze e\u00fd\u00fdamyny\u0148 Galkyny\u015fy: T\u00fcrkmenistany 2022 \u2014 2052-nji \u00fdyllarda durmu\u015f-ykdysady ta\u00fddan \u00f6sd\u00fcrmegi\u0148 Milli maksatnamasynda\u00bb bellenen wezipeleri \u00fcst\u00fcnlikli durmu\u015fa ge\u00e7irmek, Arkadag \u015f\u00e4herini\u0148 binag\u00e4rlik-\u015f\u00e4hergurlu\u015fyk ke\u015fbini has-da g\u00f6zelle\u015fdirmek, \u015fe\u00fdle hem \u201cArkadag \u015f\u00e4herini 2024 \u2014 2052-nji \u00fdyllarda \u00f6sd\u00fcrmegi\u0148 Konsepsi\u00fdasyndan\u201d gelip \u00e7yk\u00fdan [&hellip;]<\/p>\n","protected":false},"author":2,"featured_media":116920,"comment_status":"open","ping_status":"closed","sticky":false,"template":"","format":"standard","meta":{"footnotes":""},"categories":[3],"tags":[],"acf":[],"_links":{"self":[{"href":"https:\/\/zamanturkmenistan.com.tm\/index.php?rest_route=\/wp\/v2\/posts\/124436"}],"collection":[{"href":"https:\/\/zamanturkmenistan.com.tm\/index.php?rest_route=\/wp\/v2\/posts"}],"about":[{"href":"https:\/\/zamanturkmenistan.com.tm\/index.php?rest_route=\/wp\/v2\/types\/post"}],"author":[{"embeddable":true,"href":"https:\/\/zamanturkmenistan.com.tm\/index.php?rest_route=\/wp\/v2\/users\/2"}],"replies":[{"embeddable":true,"href":"https:\/\/zamanturkmenistan.com.tm\/index.php?rest_route=%2Fwp%2Fv2%2Fcomments&post=124436"}],"version-history":[{"count":1,"href":"https:\/\/zamanturkmenistan.com.tm\/index.php?rest_route=\/wp\/v2\/posts\/124436\/revisions"}],"predecessor-version":[{"id":124437,"href":"https:\/\/zamanturkmenistan.com.tm\/index.php?rest_route=\/wp\/v2\/posts\/124436\/revisions\/124437"}],"wp:featuredmedia":[{"embeddable":true,"href":"https:\/\/zamanturkmenistan.com.tm\/index.php?rest_route=\/wp\/v2\/media\/116920"}],"wp:attachment":[{"href":"https:\/\/zamanturkmenistan.com.tm\/index.php?rest_route=%2Fwp%2Fv2%2Fmedia&parent=124436"}],"wp:term":[{"taxonomy":"category","embeddable":true,"href":"https:\/\/zamanturkmenistan.com.tm\/index.php?rest_route=%2Fwp%2Fv2%2Fcategories&post=124436"},{"taxonomy":"post_tag","embeddable":true,"href":"https:\/\/zamanturkmenistan.com.tm\/index.php?rest_route=%2Fwp%2Fv2%2Ftags&post=124436"}],"curies":[{"name":"wp","href":"https:\/\/api.w.org\/{rel}","templated":true}]}}