{"id":12476,"date":"2018-03-06T17:49:35","date_gmt":"2018-03-06T12:49:35","guid":{"rendered":"http:\/\/zamanturkmenistan.com\/?p=12476"},"modified":"2018-03-06T17:49:35","modified_gmt":"2018-03-06T12:49:35","slug":"af%c2%adri%c2%adka-eko-rey%c2%adsi","status":"publish","type":"post","link":"https:\/\/zamanturkmenistan.com.tm\/?p=12476","title":{"rendered":"Af\u00adri\u00adka Eko re\u00fd\u00adsi"},"content":{"rendered":"<p>Da\u00adkar Ral\u00adli\u00adsi\u00adni\u0148 2008-nji \u00fdyl\u00adda yk\u00adly\u00admy \u00fc\u00fdt\u00adge\u00addi\u00adlip, G\u00fc\u00adnor\u00adta Ame\u00adri\u00adka g\u00f6\u00ad\u00e7\u00fc\u00adril\u00adme\u00adgin\u00adden so\u0148, Af\u00adri\u00adka\u00adda iri b\u00e4s\u00adle\u00ad\u015fik gal\u00adman\u00addy. \u00dd\u00f6\u00adne de\u00adgi\u015f\u00adli gu\u00adra\u00adma\u00ad\u00e7y\u00adlar des\u00adsi\u00adne t\u00e4\u00adze b\u00e4s\u00adle\u00ad\u015fi\u00adgi \u00fdo\u00adla go\u00fd\u00addu\u00adlar. \u201cAf\u00adri\u00adka Eko re\u00fd\u00adsi\u201d (Af\u00adrica Eco Race) di\u00fd\u00adlip at\u00adlan\u00addy\u00adryl\u00ad\u00fdan bu \u00fda\u00adry\u015f 2009-njy \u00fdyl\u00addan b\u00e4\u00adri yzy\u00adgi\u00adder\u00adli\u00adlik\u00adde ge\u00ad\u00e7i\u00adri\u00adlip ge\u00adlin\u00ad\u00fd\u00e4r. Bu hal\u00adka\u00adra b\u00e4s\u00adle\u00ad\u015fik Se\u00adne\u00adga\u00adly\u0148 pa\u00fd\u00adtag\u00adty Da\u00adkar\u00addan ba\u015f\u00adlan\u00ad\u00fdar. So\u0148\u00adra Maw\u00adri\u00adta\u00adni\u00ad\u00fda\u00adny\u0148 hem-de Ma\u00adrok\u00adko\u00adny\u0148 \u00e7\u00e4k\u00adle\u00adrin\u00adden ge\u00ad\u00e7ip, Fran\u00adsi\u00ad\u00fda\u00adny\u0148 d\u00fcr\u00adli \u015f\u00e4\u00adher\u00adle\u00adrin\u00adde (Mar\u00adsel, Sent-Sip\u00adri\u00aden, Mon\u00adte-Kar\u00adlo) ta\u00admam\u00adlan\u00ad\u00fdar. S\u00fc\u00adr\u00fc\u00adji\u00adler \u00fde\u00ad\u0148il, \u00fd\u00fck aw\u00adtou\u00adlag\u00adla\u00adry bi\u00adlen bir ha\u00adtar\u00adda, mo\u00adto\u00adsikl bo\u00ad\u00fdun\u00ad\u00e7a hem \u00f6za\u00adra b\u00e4s\u00adle\u015f\u00ad\u00fd\u00e4r. \u00ddyl sa\u00ad\u00fdyn ab\u00adra\u00ad\u00fdy g\u00f6\u00adte\u00adril\u00ad\u00fd\u00e4n \u00fda\u00adry\u00ad\u015fy\u0148 uzyn\u00adly\u00adgy 6500 ki\u00adlo\u00admet\u00adre de\u0148\u00addir. H\u00e4\u00adzir\u00adki wagt\u00adda bu \u00fda\u00adry\u00ad\u015fy\u0148 gu\u00adra\u00adma\u00ad\u00e7y\u00adsy bo\u00adlup \u00e7y\u00adky\u015f ed\u00ad\u00fd\u00e4n fran\u00adsi\u00ad\u00fda\u00adly me\u015f\u00adhur s\u00fc\u00adr\u00fc\u00adji, 69 \u00fda\u00ad\u015fyn\u00adda\u00adky \u017dan-Lui \u015eles\u00adser ge\u00ad\u00e7i\u00adri\u00adlen 9 \u00fda\u00adry\u00ad\u015fy\u0148 ba\u015f\u00adda\u00adky 6-syn\u00adda \u00fde\u00ad\u0148i\u015f ga\u00adzan\u00addy.<\/p>\n","protected":false},"excerpt":{"rendered":"<p>Da\u00adkar Ral\u00adli\u00adsi\u00adni\u0148 2008-nji \u00fdyl\u00adda yk\u00adly\u00admy \u00fc\u00fdt\u00adge\u00addi\u00adlip, G\u00fc\u00adnor\u00adta Ame\u00adri\u00adka g\u00f6\u00ad\u00e7\u00fc\u00adril\u00adme\u00adgin\u00adden so\u0148, Af\u00adri\u00adka\u00adda iri b\u00e4s\u00adle\u00ad\u015fik gal\u00adman\u00addy. \u00dd\u00f6\u00adne de\u00adgi\u015f\u00adli gu\u00adra\u00adma\u00ad\u00e7y\u00adlar des\u00adsi\u00adne t\u00e4\u00adze b\u00e4s\u00adle\u00ad\u015fi\u00adgi \u00fdo\u00adla go\u00fd\u00addu\u00adlar. \u201cAf\u00adri\u00adka Eko re\u00fd\u00adsi\u201d (Af\u00adrica Eco Race) di\u00fd\u00adlip at\u00adlan\u00addy\u00adryl\u00ad\u00fdan bu \u00fda\u00adry\u015f 2009-njy \u00fdyl\u00addan b\u00e4\u00adri yzy\u00adgi\u00adder\u00adli\u00adlik\u00adde ge\u00ad\u00e7i\u00adri\u00adlip ge\u00adlin\u00ad\u00fd\u00e4r. Bu hal\u00adka\u00adra b\u00e4s\u00adle\u00ad\u015fik Se\u00adne\u00adga\u00adly\u0148 pa\u00fd\u00adtag\u00adty Da\u00adkar\u00addan ba\u015f\u00adlan\u00ad\u00fdar. So\u0148\u00adra Maw\u00adri\u00adta\u00adni\u00ad\u00fda\u00adny\u0148 hem-de Ma\u00adrok\u00adko\u00adny\u0148 \u00e7\u00e4k\u00adle\u00adrin\u00adden ge\u00ad\u00e7ip, Fran\u00adsi\u00ad\u00fda\u00adny\u0148 d\u00fcr\u00adli \u015f\u00e4\u00adher\u00adle\u00adrin\u00adde (Mar\u00adsel, [&hellip;]<\/p>\n","protected":false},"author":1,"featured_media":12477,"comment_status":"open","ping_status":"closed","sticky":false,"template":"","format":"standard","meta":{"footnotes":""},"categories":[13],"tags":[],"acf":[],"_links":{"self":[{"href":"https:\/\/zamanturkmenistan.com.tm\/index.php?rest_route=\/wp\/v2\/posts\/12476"}],"collection":[{"href":"https:\/\/zamanturkmenistan.com.tm\/index.php?rest_route=\/wp\/v2\/posts"}],"about":[{"href":"https:\/\/zamanturkmenistan.com.tm\/index.php?rest_route=\/wp\/v2\/types\/post"}],"author":[{"embeddable":true,"href":"https:\/\/zamanturkmenistan.com.tm\/index.php?rest_route=\/wp\/v2\/users\/1"}],"replies":[{"embeddable":true,"href":"https:\/\/zamanturkmenistan.com.tm\/index.php?rest_route=%2Fwp%2Fv2%2Fcomments&post=12476"}],"version-history":[{"count":0,"href":"https:\/\/zamanturkmenistan.com.tm\/index.php?rest_route=\/wp\/v2\/posts\/12476\/revisions"}],"wp:featuredmedia":[{"embeddable":true,"href":"https:\/\/zamanturkmenistan.com.tm\/index.php?rest_route=\/wp\/v2\/media\/12477"}],"wp:attachment":[{"href":"https:\/\/zamanturkmenistan.com.tm\/index.php?rest_route=%2Fwp%2Fv2%2Fmedia&parent=12476"}],"wp:term":[{"taxonomy":"category","embeddable":true,"href":"https:\/\/zamanturkmenistan.com.tm\/index.php?rest_route=%2Fwp%2Fv2%2Fcategories&post=12476"},{"taxonomy":"post_tag","embeddable":true,"href":"https:\/\/zamanturkmenistan.com.tm\/index.php?rest_route=%2Fwp%2Fv2%2Ftags&post=12476"}],"curies":[{"name":"wp","href":"https:\/\/api.w.org\/{rel}","templated":true}]}}