{"id":12485,"date":"2018-03-06T17:53:42","date_gmt":"2018-03-06T12:53:42","guid":{"rendered":"http:\/\/zamanturkmenistan.com\/?p=12485"},"modified":"2018-03-06T17:53:42","modified_gmt":"2018-03-06T12:53:42","slug":"amau%c2%adry-sport-or%c2%adga%c2%adni%c2%adsa%c2%adti%c2%adon","status":"publish","type":"post","link":"https:\/\/zamanturkmenistan.com.tm\/?p=12485","title":{"rendered":"\u201cAmau\u00adry Sport  Or\u00adga\u00adni\u00adsa\u00adti\u00adon\u201d"},"content":{"rendered":"<p>Bu hal\u00adka\u00adra gu\u00adra\u00adma Fran\u00adsi\u00ad\u00fda\u00adny\u0148 me\u00addia to\u00adpa\u00adry EPA-ny\u0148 ga\u00adra\u00adma\u00adgyn\u00adda bo\u00adlup, ol 1992-nji \u00fdy\u00adly\u0148 sent\u00ad\u00fdab\u00adryn\u00adda d\u00f6\u00adre\u00addil\u00addi. \u201cAmau\u00adry Sport Or\u00adga\u00adni\u00adsa\u00adti\u00adon\u201d (ASO) h\u00e4\u00adzir\u00adki wagt\u00adda bir\u00adn\u00e4\u00ad\u00e7e hal\u00adka\u00adra \u00fda\u00adry\u00ad\u015fy\u0148 ba\u015f gu\u00adra\u00adma\u00ad\u00e7y\u00adsy bo\u00adlup \u00e7y\u00adky\u015f ed\u00ad\u00fd\u00e4r. ASO d\u00f6\u00adre\u00addi\u00adlen \u00fdy\u00adlyn\u00addan b\u00e4\u00adri d\u00fcn\u00ad\u00fd\u00e4\u00adni\u0148 i\u0148 \u00f6\u0148\u00adde\u00adba\u00adry\u00adjy we\u00adlos\u00adport \u00fda\u00adry\u00ad\u015fy bo\u00adlan \u201cTur de Frans\u201d gu\u00adra\u00adma\u00ad\u00e7y\u00adly\u00adgy\u00adna jo\u00adgap ber\u00ad\u00fd\u00e4r. Ony me\u015f\u00adhur\u00adly\u00adga \u00fde\u00adti\u00adren \u00fda\u00adry\u015f Da\u00adkar Ral\u00adli\u00adsi b\u00e4s\u00adle\u00ad\u015fi\u00adgidir. 2008-nji \u00fdyl\u00adda Af\u00adri\u00adka\u00adda ge\u00ad\u00e7i\u00adril\u00adme\u00addik \u00fda\u00adry\u00ad\u015fy\u0148 or\u00adnu\u00adna Or\u00adta \u00ddew\u00adro\u00adpa\u00adda ge\u00ad\u00e7i\u00adri\u00adlen Da\u00adkar Ral\u00adli\u00adsi\u00adni\u0148 \u00e4h\u00adli gu\u00adra\u00adma\u00ad\u00e7y\u00adly\u00adgy\u00adny \u00f6z \u00fcs\u00adt\u00fc\u00adne al\u00ad\u00fdar. \u015eon\u00addan b\u00e4ri hem Da\u00adkar Ral\u00adli\u00adsi\u00adni\u0148 ba\u015f gu\u00adra\u00adma\u00ad\u00e7y\u00adsy bo\u00adlup \u00e7y\u00adky\u015f ed\u00ad\u00fd\u00e4r. H\u00e4\u00adzir\u00adki wagt\u00adda bu gu\u00adra\u00adma Pa\u00adri\u017e, Bar\u00adse\u00adlo\u00adna ma\u00adra\u00adfon\u00adla\u00adry\u00adny hem-de \u00fda\u00adrym ma\u00adra\u00adfon\u00adla\u00adry\u00adny, Li\u00adon, Mar\u00adsel ma\u00adra\u00adfon\u00adla\u00adry \u00fda\u00adly yl\u00adgaw \u00fda\u00adry\u015f\u00adla\u00adry\u00adny, \u201cTur de Frans\u201d, Pa\u00adri\u017e \u2013 Ru\u00adbe, Pa\u00adri\u017e\u2013Nis\u00adsa, Li\u00ade\u017e\u2013Bas\u00adton\u2013Li\u00ade\u017e, Pa\u00adri\u017e \u2013 Tur, \u201cWu\u00adel\u00adta Is\u00adpa\u00adni\u00ad\u00fda\u201d (\u201cUni\u00adpub\u00adlic\u201d bi\u00adlen bi\u00adle\u00adlik\u00adde), \u201cTur Ka\u00adtar\u201d, \u201cTur Oman\u201d, \u201cTur Pe\u00adkin\u201d, \u201cTur Pi\u00adkar\u00addi\u201d, \u201cKri\u00adte\u00adri\u00adum Do\u00adfi\u00adne\u201d, \u201cKri\u00adte\u00adri\u00adum Sai\u00adta\u00adma\u201d, \u201cRok d\u2019Azur\u201d \u00fda\u00adly we\u00adlos\u00adport b\u00e4s\u00adle\u00ad\u015fik\u00adle\u00adri\u00adni, Fran\u00adsi\u00ad\u00fda\u00adny\u0148 \u201cA\u00e7yk\u201d golf \u00e7em\u00adpio\u00adna\u00adty\u00adny, \u201cLacos\u00adte\u201d ze\u00adnan\u00adlar \u201cA\u00e7yk\u201d golf \u00e7em\u00adpio\u00adna\u00adty\u00adny, \u201cGran-Pri Schwep\u00adpes\u201d golf \u00fda\u00adry\u00ad\u015fy\u00adny, \u201cTur de Frans a la voile\u201d \u00fdah\u00adta b\u00e4s\u00adle\u00ad\u015fi\u00adgi\u00adni, Da\u00adkar Ral\u00adli\u00adsi\u00adni hem-de bir\u00adn\u00e4\u00ad\u00e7e at\u00e7a\u00adpy\u00ad\u015fy\u00adk \u00fda\u00adry\u015f\u00adla\u00adry\u00adny gu\u00adra\u00ad\u00fdar.<\/p>\n","protected":false},"excerpt":{"rendered":"<p>Bu hal\u00adka\u00adra gu\u00adra\u00adma Fran\u00adsi\u00ad\u00fda\u00adny\u0148 me\u00addia to\u00adpa\u00adry EPA-ny\u0148 ga\u00adra\u00adma\u00adgyn\u00adda bo\u00adlup, ol 1992-nji \u00fdy\u00adly\u0148 sent\u00ad\u00fdab\u00adryn\u00adda d\u00f6\u00adre\u00addil\u00addi. \u201cAmau\u00adry Sport Or\u00adga\u00adni\u00adsa\u00adti\u00adon\u201d (ASO) h\u00e4\u00adzir\u00adki wagt\u00adda bir\u00adn\u00e4\u00ad\u00e7e hal\u00adka\u00adra \u00fda\u00adry\u00ad\u015fy\u0148 ba\u015f gu\u00adra\u00adma\u00ad\u00e7y\u00adsy bo\u00adlup \u00e7y\u00adky\u015f ed\u00ad\u00fd\u00e4r. ASO d\u00f6\u00adre\u00addi\u00adlen \u00fdy\u00adlyn\u00addan b\u00e4\u00adri d\u00fcn\u00ad\u00fd\u00e4\u00adni\u0148 i\u0148 \u00f6\u0148\u00adde\u00adba\u00adry\u00adjy we\u00adlos\u00adport \u00fda\u00adry\u00ad\u015fy bo\u00adlan \u201cTur de Frans\u201d gu\u00adra\u00adma\u00ad\u00e7y\u00adly\u00adgy\u00adna jo\u00adgap ber\u00ad\u00fd\u00e4r. Ony me\u015f\u00adhur\u00adly\u00adga \u00fde\u00adti\u00adren \u00fda\u00adry\u015f Da\u00adkar Ral\u00adli\u00adsi b\u00e4s\u00adle\u00ad\u015fi\u00adgidir. 2008-nji \u00fdyl\u00adda Af\u00adri\u00adka\u00adda ge\u00ad\u00e7i\u00adril\u00adme\u00addik [&hellip;]<\/p>\n","protected":false},"author":1,"featured_media":12486,"comment_status":"open","ping_status":"closed","sticky":false,"template":"","format":"standard","meta":{"footnotes":""},"categories":[13],"tags":[],"acf":[],"_links":{"self":[{"href":"https:\/\/zamanturkmenistan.com.tm\/index.php?rest_route=\/wp\/v2\/posts\/12485"}],"collection":[{"href":"https:\/\/zamanturkmenistan.com.tm\/index.php?rest_route=\/wp\/v2\/posts"}],"about":[{"href":"https:\/\/zamanturkmenistan.com.tm\/index.php?rest_route=\/wp\/v2\/types\/post"}],"author":[{"embeddable":true,"href":"https:\/\/zamanturkmenistan.com.tm\/index.php?rest_route=\/wp\/v2\/users\/1"}],"replies":[{"embeddable":true,"href":"https:\/\/zamanturkmenistan.com.tm\/index.php?rest_route=%2Fwp%2Fv2%2Fcomments&post=12485"}],"version-history":[{"count":0,"href":"https:\/\/zamanturkmenistan.com.tm\/index.php?rest_route=\/wp\/v2\/posts\/12485\/revisions"}],"wp:featuredmedia":[{"embeddable":true,"href":"https:\/\/zamanturkmenistan.com.tm\/index.php?rest_route=\/wp\/v2\/media\/12486"}],"wp:attachment":[{"href":"https:\/\/zamanturkmenistan.com.tm\/index.php?rest_route=%2Fwp%2Fv2%2Fmedia&parent=12485"}],"wp:term":[{"taxonomy":"category","embeddable":true,"href":"https:\/\/zamanturkmenistan.com.tm\/index.php?rest_route=%2Fwp%2Fv2%2Fcategories&post=12485"},{"taxonomy":"post_tag","embeddable":true,"href":"https:\/\/zamanturkmenistan.com.tm\/index.php?rest_route=%2Fwp%2Fv2%2Ftags&post=12485"}],"curies":[{"name":"wp","href":"https:\/\/api.w.org\/{rel}","templated":true}]}}