{"id":125517,"date":"2025-01-25T10:56:29","date_gmt":"2025-01-25T05:56:29","guid":{"rendered":"https:\/\/zamanturkmenistan.com.tm\/?p=125517"},"modified":"2025-01-25T10:56:29","modified_gmt":"2025-01-25T05:56:29","slug":"turkmen-isewurleri-halkara-serga-gatnasmaga-cagyrylyar","status":"publish","type":"post","link":"https:\/\/zamanturkmenistan.com.tm\/?p=125517","title":{"rendered":"T\u00fcrkmen i\u015few\u00fcrleri halkara serg\u00e4 gatna\u015fmaga \u00e7agyryl\u00fdar"},"content":{"rendered":"<p>2025-nji \u00fdyly\u0148 ma\u00fd a\u00fdynda T\u00e4hranda alternatiw energi\u00fda ulgamynda gi\u0148 gerimli halkara \u00e7\u00e4re ge\u00e7iriler. E\u00fdran tarapy t\u00fcrkmen i\u015few\u00fcr toparlaryny IX Halkara sergisine we t\u00e4zelenip bil\u00fd\u00e4n energi\u00fda \u00e7e\u015fmeleri bo\u00fdun\u00e7a konferensi\u00fda gatna\u015fmaga resmi \u00e7akylyk iberdi. Sergi bilen bir hatarda, E\u00fdrany\u0148 t\u00e4zelenip bil\u00fd\u00e4n energi\u00fda ulgamyndaky altynjy Milli ba\u00fdragyny\u0148 gow\u015furyly\u015f dabarasy ge\u00e7iriler.<br \/>\n\u00c7\u00e4reler 2025-nji \u00fdyly\u0148 26-27-nji ma\u00fdynda \u201cMilad\u201d konferensi\u00fda merkezinde ge\u00e7iriler.<br \/>\n<strong>\u00c7e\u015fme:<\/strong> tstb.gov.tm.<\/p>\n","protected":false},"excerpt":{"rendered":"<p>2025-nji \u00fdyly\u0148 ma\u00fd a\u00fdynda T\u00e4hranda alternatiw energi\u00fda ulgamynda gi\u0148 gerimli halkara \u00e7\u00e4re ge\u00e7iriler. E\u00fdran tarapy t\u00fcrkmen i\u015few\u00fcr toparlaryny IX Halkara sergisine we t\u00e4zelenip bil\u00fd\u00e4n energi\u00fda \u00e7e\u015fmeleri bo\u00fdun\u00e7a konferensi\u00fda gatna\u015fmaga resmi \u00e7akylyk iberdi. Sergi bilen bir hatarda, E\u00fdrany\u0148 t\u00e4zelenip bil\u00fd\u00e4n energi\u00fda ulgamyndaky altynjy Milli ba\u00fdragyny\u0148 gow\u015furyly\u015f dabarasy ge\u00e7iriler. \u00c7\u00e4reler 2025-nji \u00fdyly\u0148 26-27-nji ma\u00fdynda \u201cMilad\u201d konferensi\u00fda merkezinde [&hellip;]<\/p>\n","protected":false},"author":2,"featured_media":74094,"comment_status":"open","ping_status":"closed","sticky":false,"template":"","format":"standard","meta":{"footnotes":""},"categories":[8273],"tags":[],"acf":[],"_links":{"self":[{"href":"https:\/\/zamanturkmenistan.com.tm\/index.php?rest_route=\/wp\/v2\/posts\/125517"}],"collection":[{"href":"https:\/\/zamanturkmenistan.com.tm\/index.php?rest_route=\/wp\/v2\/posts"}],"about":[{"href":"https:\/\/zamanturkmenistan.com.tm\/index.php?rest_route=\/wp\/v2\/types\/post"}],"author":[{"embeddable":true,"href":"https:\/\/zamanturkmenistan.com.tm\/index.php?rest_route=\/wp\/v2\/users\/2"}],"replies":[{"embeddable":true,"href":"https:\/\/zamanturkmenistan.com.tm\/index.php?rest_route=%2Fwp%2Fv2%2Fcomments&post=125517"}],"version-history":[{"count":1,"href":"https:\/\/zamanturkmenistan.com.tm\/index.php?rest_route=\/wp\/v2\/posts\/125517\/revisions"}],"predecessor-version":[{"id":125518,"href":"https:\/\/zamanturkmenistan.com.tm\/index.php?rest_route=\/wp\/v2\/posts\/125517\/revisions\/125518"}],"wp:featuredmedia":[{"embeddable":true,"href":"https:\/\/zamanturkmenistan.com.tm\/index.php?rest_route=\/wp\/v2\/media\/74094"}],"wp:attachment":[{"href":"https:\/\/zamanturkmenistan.com.tm\/index.php?rest_route=%2Fwp%2Fv2%2Fmedia&parent=125517"}],"wp:term":[{"taxonomy":"category","embeddable":true,"href":"https:\/\/zamanturkmenistan.com.tm\/index.php?rest_route=%2Fwp%2Fv2%2Fcategories&post=125517"},{"taxonomy":"post_tag","embeddable":true,"href":"https:\/\/zamanturkmenistan.com.tm\/index.php?rest_route=%2Fwp%2Fv2%2Ftags&post=125517"}],"curies":[{"name":"wp","href":"https:\/\/api.w.org\/{rel}","templated":true}]}}