{"id":125642,"date":"2025-01-27T10:11:07","date_gmt":"2025-01-27T05:11:07","guid":{"rendered":"https:\/\/zamanturkmenistan.com.tm\/?p=125642"},"modified":"2025-01-27T10:11:07","modified_gmt":"2025-01-27T05:11:07","slug":"turkmenistanyn-gruziyadaky-ilcisinin-gruziyanyn-dasary-isler-ministri-bilen-dususygy-gecirildi","status":"publish","type":"post","link":"https:\/\/zamanturkmenistan.com.tm\/?p=125642","title":{"rendered":"T\u00fcrkmenistany\u0148 Gruzi\u00fdadaky Il\u00e7isini\u0148 Gruzi\u00fdany\u0148 Da\u015fary i\u015fler ministri bilen du\u015fu\u015fygy ge\u00e7irildi"},"content":{"rendered":"<p>24-nji \u00fdanwarda Gruzi\u00fdany\u0148 DIM-nde T\u00fcrkmenistany\u0148 Gruzi\u00fdadaky Il\u00e7isi D.Se\u00fditm\u00e4mmedow bilen Gruzi\u00fdany\u0148 Da\u015fary i\u015fler ministri M.Bo\u00e7ori\u015fwilini\u0148 arasynda du\u015fu\u015fyk ge\u00e7irildi.<br \/>\nIl\u00e7i M.Bo\u00e7ori\u015fwilini Gruzi\u00fdany\u0148 Da\u015fary i\u015fler ministri wezipesine bellenmegi bilen gutlady we o\u0148a d\u00f6wlet \u00e4hmi\u00fdetli i\u015finde uly \u00fcst\u00fcnlikleri arzuw etdi.<br \/>\nDu\u015fu\u015fygy\u0148 bar\u015fynda taraplar sy\u00fdasy-diplomatik, s\u00f6wda-ykdysady we medeni-ynsanperwer ugurlarda ikitarapla\u00fdyn hyzmatda\u015flygy\u0148 h\u00e4zirki \u00fdagda\u00fdyny we geljegini ara alyp maslahatla\u015fdylar.<br \/>\nIl\u00e7i T\u00fcrkmenistany\u0148 hemi\u015felik Bitaraplygyny\u0148 \u015fanly 30 \u00fdyllygy we 2025-nji \u00fdyly\u0148 \u00abHalkara parahat\u00e7ylyk we ynany\u015fmak \u00fdyly\u00bb di\u00fdip yglan edilmegi mynasybetli ge\u00e7iriljek gi\u0148 gerimli halkara \u00e7\u00e4reler barada Ministre habar berdi.<\/p>\n","protected":false},"excerpt":{"rendered":"<p>24-nji \u00fdanwarda Gruzi\u00fdany\u0148 DIM-nde T\u00fcrkmenistany\u0148 Gruzi\u00fdadaky Il\u00e7isi D.Se\u00fditm\u00e4mmedow bilen Gruzi\u00fdany\u0148 Da\u015fary i\u015fler ministri M.Bo\u00e7ori\u015fwilini\u0148 arasynda du\u015fu\u015fyk ge\u00e7irildi. Il\u00e7i M.Bo\u00e7ori\u015fwilini Gruzi\u00fdany\u0148 Da\u015fary i\u015fler ministri wezipesine bellenmegi bilen gutlady we o\u0148a d\u00f6wlet \u00e4hmi\u00fdetli i\u015finde uly \u00fcst\u00fcnlikleri arzuw etdi. Du\u015fu\u015fygy\u0148 bar\u015fynda taraplar sy\u00fdasy-diplomatik, s\u00f6wda-ykdysady we medeni-ynsanperwer ugurlarda ikitarapla\u00fdyn hyzmatda\u015flygy\u0148 h\u00e4zirki \u00fdagda\u00fdyny we geljegini ara alyp maslahatla\u015fdylar. Il\u00e7i T\u00fcrkmenistany\u0148 [&hellip;]<\/p>\n","protected":false},"author":2,"featured_media":125643,"comment_status":"open","ping_status":"closed","sticky":false,"template":"","format":"standard","meta":{"footnotes":""},"categories":[3],"tags":[],"acf":[],"_links":{"self":[{"href":"https:\/\/zamanturkmenistan.com.tm\/index.php?rest_route=\/wp\/v2\/posts\/125642"}],"collection":[{"href":"https:\/\/zamanturkmenistan.com.tm\/index.php?rest_route=\/wp\/v2\/posts"}],"about":[{"href":"https:\/\/zamanturkmenistan.com.tm\/index.php?rest_route=\/wp\/v2\/types\/post"}],"author":[{"embeddable":true,"href":"https:\/\/zamanturkmenistan.com.tm\/index.php?rest_route=\/wp\/v2\/users\/2"}],"replies":[{"embeddable":true,"href":"https:\/\/zamanturkmenistan.com.tm\/index.php?rest_route=%2Fwp%2Fv2%2Fcomments&post=125642"}],"version-history":[{"count":1,"href":"https:\/\/zamanturkmenistan.com.tm\/index.php?rest_route=\/wp\/v2\/posts\/125642\/revisions"}],"predecessor-version":[{"id":125644,"href":"https:\/\/zamanturkmenistan.com.tm\/index.php?rest_route=\/wp\/v2\/posts\/125642\/revisions\/125644"}],"wp:featuredmedia":[{"embeddable":true,"href":"https:\/\/zamanturkmenistan.com.tm\/index.php?rest_route=\/wp\/v2\/media\/125643"}],"wp:attachment":[{"href":"https:\/\/zamanturkmenistan.com.tm\/index.php?rest_route=%2Fwp%2Fv2%2Fmedia&parent=125642"}],"wp:term":[{"taxonomy":"category","embeddable":true,"href":"https:\/\/zamanturkmenistan.com.tm\/index.php?rest_route=%2Fwp%2Fv2%2Fcategories&post=125642"},{"taxonomy":"post_tag","embeddable":true,"href":"https:\/\/zamanturkmenistan.com.tm\/index.php?rest_route=%2Fwp%2Fv2%2Ftags&post=125642"}],"curies":[{"name":"wp","href":"https:\/\/api.w.org\/{rel}","templated":true}]}}