{"id":125978,"date":"2025-01-31T12:17:59","date_gmt":"2025-01-31T07:17:59","guid":{"rendered":"https:\/\/zamanturkmenistan.com.tm\/?p=125978"},"modified":"2025-01-31T12:17:59","modified_gmt":"2025-01-31T07:17:59","slug":"gys-paslynda-mowsumleyin-doreyan-kesellerden-goranyn","status":"publish","type":"post","link":"https:\/\/zamanturkmenistan.com.tm\/?p=125978","title":{"rendered":"Gy\u015f paslynda m\u00f6ws\u00fcmle\u00fdin d\u00f6re\u00fd\u00e4n kesellerden gorany\u0148!"},"content":{"rendered":"<p>\u00ddi\u00adti res\u00adpi\u00adra\u00adtor ke\u00adse\u00adli \u00fdo\u00adka\u00adry dem aly\u015f \u00fdol\u00adla\u00adry\u00adny\u0148, \u00fdag\u00adny agyz bo\u015f\u00adlu\u00adgy\u00adny\u0148, bo\u00adkur\u00adda\u00adgy\u0148, bur\u00adnu\u0148 nem\u00adli bar\u00adda\u00adla\u00adry\u00adna ze\u00adper \u00fdet\u00adme\u00adgi bi\u00adlen \u00fd\u00fc\u00adze \u00e7yk\u00ad\u00fdar.<br \/>\n\u00ddi\u00adti res\u00adpi\u00adra\u00adtor \u00fdo\u00adkan\u00e7 ke\u00adsel\u00adle\u00adri\u0148 \u00f6\u0148\u00fc\u00adni al\u00admak \u00fc\u00e7in pas\u00adla g\u00f6\u00adr\u00e4 ge\u00ad\u00fdin\u00adme\u00adli. Bu ke\u00adse\u00adli d\u00f6\u00adre\u00addi\u00adji wi\u00adrus\u00adlar k\u00f6p g\u00f6r\u00adn\u00fc\u015f\u00adli bo\u00adlup, olar ho\u00adwa-dam\u00adja \u00fdo\u00adly ar\u00adka\u00adly n\u00e4\u00adsag as\u00adgy\u00adran\u00adda, \u00fcs\u00adg\u00fc\u00adren\u00adde, g\u00fcn\u00adde\u00adlik ula\u00adnyl\u00ad\u00fdan gap-ga\u00e7\u00adla\u00adry\u0148 \u00fcs\u00adti bi\u00adlen be\u00fd\u00adle\u00adki adam\u00adla\u00adra \u00fdo\u00adku\u00ad\u015fyp bil\u00ad\u00fd\u00e4r.<br \/>\n\u015eah\u00adsy we jem\u00adgy\u00ad\u00fdet\u00ad\u00e7i\u00adlik aras\u00adsa\u00ad\u00e7y\u00adly\u00adgy ba\u00adbat\u00adda\u00adky ter\u00adtip-d\u00fcz\u00adg\u00fcn\u00adle\u00adri ber\u00adja\u00fd et\u00adme\u00adli. Eli\u00ad\u0148i\u00adzi aras\u00adsa sak\u00adla\u00adma\u00adly. Bur\u00adnu\u0148 nem\u00adli bar\u00adda\u00adsy\u00adna \u00abOk\u00adso\u00adlin\u00bb mel\u00adhe\u00admi\u00adni \u00e7al\u00adma\u00adly.<br \/>\nEger \u00f6z\u00fc\u00ad\u0148iz \u00fda-da ma\u015f\u00adga\u00adla ag\u00adza\u00adla\u00adry\u00adny\u0148 bi\u00adri \u00fdi\u00adti res\u00adpi\u00adra\u00adtor \u00fdo\u00adkan\u00e7 ke\u00adse\u00adli bi\u00adlen n\u00e4\u00adsag\u00adlan bol\u00adsa, luk\u00adma\u00adna \u00fd\u00fcz tut\u00adma\u00adly we di\u00ad\u0148e ma\u015f\u00adga\u00adla luk\u00adma\u00adny ta\u00adra\u00adpyn\u00addan bel\u00adle\u00adnen, \u00fd\u00f6\u00adri\u00adte\u00adle\u015f\u00addi\u00adri\u00adlen be\u00adjer\u00adgi\u00adni al\u00adma\u00adly.<br \/>\nGy\u00adzyl bur\u00e7 go\u00ad\u015fu\u00adlan una\u015f i\u00e7\u00adme\u00adli. Gy\u00adzyl bur\u00ad\u00e7u\u0148 d\u00fc\u00adz\u00fc\u00admin\u00add\u00e4\u00adki fi\u00adton\u00adsid\u00adler, pe\u00fd\u00adda\u00adly mad\u00adda\u00adlar adam be\u00adde\u00adni\u00adni\u0148 ke\u00adse\u00adle gar\u00ad\u015fy g\u00f6\u00adre\u00ad\u015fi\u00adji\u00adlik uky\u00adby\u00adny \u00fdo\u00adkar\u00adlan\u00addyr\u00adma\u00adga \u00fdar\u00addam ber\u00ad\u00fd\u00e4r. Una\u015f m\u00f6w\u00ads\u00fcm\u00adle\u00ad\u00fdin ke\u00adsel\u00adle\u00adri\u0148 \u00f6\u0148\u00fc\u00adni al\u00admak\u00adda we ola\u00adry \u00fde\u00ad\u0148il ge\u00ad\u00e7ir\u00admek\u00adde hem \u00f6r\u00e4n pe\u00fd\u00adda\u00adly\u00addyr. Na\u00adha\u00adry\u0148 gap\u00adda\u00adlyn\u00addan so\u00adgan we sa\u00adrym\u00adsak i\u00fd\u00adme\u00adli.<br \/>\nBe\u00adde\u00adni\u0148 ke\u00adse\u00adle gar\u00ad\u015fy dur\u00adnuk\u00adly\u00adly\u00adgy\u00adny \u00fdo\u00adkar\u00adlan\u00addyr\u00admak \u00fc\u00e7in Gahryman Arkadagymyzy\u0148 \u00abT\u00fcrk\u00adme\u00adnis\u00adta\u00adny\u0148 der\u00adman\u00adlyk \u00f6s\u00fcm\u00adlik\u00adle\u00adri\u00bb at\u00adly k\u00f6p jilt\u00adli yl\u00admy-en\u00adsik\u00adlo\u00adpe\u00addi\u00adk ki\u00adta\u00adbyn\u00adda be\u00ad\u00fdan edil\u00ad\u00fd\u00e4n it\u00adbu\u00adrun, \u00e7o\u00adpan\u00adtel\u00adpek, bu\u00ad\u00fda\u00adny\u0148 k\u00f6\u00adki, k\u00e4\u00adki\u00adlik oty, ke\u00ad\u00fdik oty, aly\u00e7 \u00fda\u00adly der\u00adman\u00adlyk \u00f6s\u00fcm\u00adlik\u00adler\u00adden ta\u00fd\u00ad\u00fdar\u00adla\u00adnan mel\u00adhem \u00e7a\u00fd\u00adla\u00adry\u00adny i\u00e7\u00adme\u00adli.<br \/>\nGy\u015f pas\u00adlyn\u00adda adam\u00adla\u00adry\u0148, yla\u00fd\u00adta-da \u00e7a\u00adga\u00adla\u00adry\u0148 ba\u00ad\u015fy \u00fdag\u00adlyk \u00fda-da ba\u015f\u00adgap bi\u00adlen \u00f6r\u00adt\u00fc\u00adlen bol\u00adma\u00adly. Ola\u00adry\u0148 a\u00fdak\u00adgap\u00adla\u00adry \u00f6z\u00fc\u00adne la\u00ad\u00fdyk, ra\u00adhat, \u00fdy\u00adly hem-de da\u00adba\u00adny d\u00fcz bol\u00adma\u00adly\u00ad.<br \/>\nKe\u00adsel\u00adle\u00adri\u0148 \u00f6\u0148\u00fc\u00adni aly\u015f san\u00adjym\u00adla\u00adry\u00adny ma\u015f\u00adga\u00adla luk\u00adma\u00adny\u00ad\u0148yz bi\u00adlen mas\u00adla\u00adhat\u00adla\u00ad\u015fyp al\u00adma\u00adly.<\/p>\n<p style=\"text-align: right;\"><strong>T\u00fcrkmenistany\u0148 Saglygy gora\u00fdy\u015f we derman senagaty ministrligini\u0148 Saglygy gora\u00fd\u015fy\u0148 habarlar merkezi.<\/strong><\/p>\n","protected":false},"excerpt":{"rendered":"<p>\u00ddi\u00adti res\u00adpi\u00adra\u00adtor ke\u00adse\u00adli \u00fdo\u00adka\u00adry dem aly\u015f \u00fdol\u00adla\u00adry\u00adny\u0148, \u00fdag\u00adny agyz bo\u015f\u00adlu\u00adgy\u00adny\u0148, bo\u00adkur\u00adda\u00adgy\u0148, bur\u00adnu\u0148 nem\u00adli bar\u00adda\u00adla\u00adry\u00adna ze\u00adper \u00fdet\u00adme\u00adgi bi\u00adlen \u00fd\u00fc\u00adze \u00e7yk\u00ad\u00fdar. \u00ddi\u00adti res\u00adpi\u00adra\u00adtor \u00fdo\u00adkan\u00e7 ke\u00adsel\u00adle\u00adri\u0148 \u00f6\u0148\u00fc\u00adni al\u00admak \u00fc\u00e7in pas\u00adla g\u00f6\u00adr\u00e4 ge\u00ad\u00fdin\u00adme\u00adli. Bu ke\u00adse\u00adli d\u00f6\u00adre\u00addi\u00adji wi\u00adrus\u00adlar k\u00f6p g\u00f6r\u00adn\u00fc\u015f\u00adli bo\u00adlup, olar ho\u00adwa-dam\u00adja \u00fdo\u00adly ar\u00adka\u00adly n\u00e4\u00adsag as\u00adgy\u00adran\u00adda, \u00fcs\u00adg\u00fc\u00adren\u00adde, g\u00fcn\u00adde\u00adlik ula\u00adnyl\u00ad\u00fdan gap-ga\u00e7\u00adla\u00adry\u0148 \u00fcs\u00adti bi\u00adlen be\u00fd\u00adle\u00adki adam\u00adla\u00adra \u00fdo\u00adku\u00ad\u015fyp bil\u00ad\u00fd\u00e4r. \u015eah\u00adsy we jem\u00adgy\u00ad\u00fdet\u00ad\u00e7i\u00adlik [&hellip;]<\/p>\n","protected":false},"author":2,"featured_media":125979,"comment_status":"open","ping_status":"closed","sticky":false,"template":"","format":"standard","meta":{"footnotes":""},"categories":[299],"tags":[],"acf":[],"_links":{"self":[{"href":"https:\/\/zamanturkmenistan.com.tm\/index.php?rest_route=\/wp\/v2\/posts\/125978"}],"collection":[{"href":"https:\/\/zamanturkmenistan.com.tm\/index.php?rest_route=\/wp\/v2\/posts"}],"about":[{"href":"https:\/\/zamanturkmenistan.com.tm\/index.php?rest_route=\/wp\/v2\/types\/post"}],"author":[{"embeddable":true,"href":"https:\/\/zamanturkmenistan.com.tm\/index.php?rest_route=\/wp\/v2\/users\/2"}],"replies":[{"embeddable":true,"href":"https:\/\/zamanturkmenistan.com.tm\/index.php?rest_route=%2Fwp%2Fv2%2Fcomments&post=125978"}],"version-history":[{"count":1,"href":"https:\/\/zamanturkmenistan.com.tm\/index.php?rest_route=\/wp\/v2\/posts\/125978\/revisions"}],"predecessor-version":[{"id":125980,"href":"https:\/\/zamanturkmenistan.com.tm\/index.php?rest_route=\/wp\/v2\/posts\/125978\/revisions\/125980"}],"wp:featuredmedia":[{"embeddable":true,"href":"https:\/\/zamanturkmenistan.com.tm\/index.php?rest_route=\/wp\/v2\/media\/125979"}],"wp:attachment":[{"href":"https:\/\/zamanturkmenistan.com.tm\/index.php?rest_route=%2Fwp%2Fv2%2Fmedia&parent=125978"}],"wp:term":[{"taxonomy":"category","embeddable":true,"href":"https:\/\/zamanturkmenistan.com.tm\/index.php?rest_route=%2Fwp%2Fv2%2Fcategories&post=125978"},{"taxonomy":"post_tag","embeddable":true,"href":"https:\/\/zamanturkmenistan.com.tm\/index.php?rest_route=%2Fwp%2Fv2%2Ftags&post=125978"}],"curies":[{"name":"wp","href":"https:\/\/api.w.org\/{rel}","templated":true}]}}