{"id":126204,"date":"2025-02-03T10:54:30","date_gmt":"2025-02-03T05:54:30","guid":{"rendered":"https:\/\/zamanturkmenistan.com.tm\/?p=126204"},"modified":"2025-02-03T10:54:30","modified_gmt":"2025-02-03T05:54:30","slug":"merkezi-aziyanyn-sebitleyin-ekologiya-merkezinin-yerine-yetiriji-direktory-bilen-dususyk-gecirildi","status":"publish","type":"post","link":"https:\/\/zamanturkmenistan.com.tm\/?p=126204","title":{"rendered":"Merkezi Azi\u00fdany\u0148 sebitle\u00fdin ekologi\u00fda merkezini\u0148 \u00dderine \u00fdetiriji direktory bilen du\u015fu\u015fyk ge\u00e7irildi"},"content":{"rendered":"<p>31-nji \u00fdanwarda T\u00fcrkmenistany\u0148 DIM-nde T\u00fcrkmenistany\u0148 Da\u015fary i\u015fler ministrini\u0148 orunbasary M\u00e4hri B\u00e4\u015fimowa bilen Merkezi Azi\u00fdany\u0148 sebitle\u00fdin ekologi\u00fda merkezini\u0148 (CAREC) \u00dderine \u00fdetiriji direktory Zafar Mahmudowy\u0148 arasynda du\u015fu\u015fyk ge\u00e7irildi.<br \/>\nDu\u015fu\u015fygy\u0148 bar\u015fynda taraplar da\u015fky gur\u015fawy goramak, ekologi\u00fda we howany\u0148 \u00fc\u00fdtgemegi bilen baglany\u015fykly meseleleri\u0148 gi\u0148 toplumyny ara alyp maslahatla\u015fdylar. \u00d6zara hyzmatda\u015flyk, hususan-da, T\u00fcrkmenistany\u0148 da\u015fky gur\u015fawy goramak bo\u00fdun\u00e7a halkara ba\u015flangy\u00e7lary, Merkezi Azi\u00fda \u00fdurtlaryny\u0148 howany\u0148 \u00fc\u00fdtgemegini\u0148 \u00fdaramaz netijelerine gar\u015fy g\u00f6re\u015fmekd\u00e4ki tagallalary we bilelikd\u00e4ki taslamalary durmu\u015fa ge\u00e7irmek meseleleri bo\u00fdun\u00e7a pikir al\u015fyldy.<br \/>\nBMG-ni\u0148 howany\u0148 \u00fc\u00fdtgemegi bilen bagly \u00c7ar\u00e7uwaly Konwensi\u00fdasyna, Kioto teswirnamasyna we Pari\u017e ylala\u015fygyna go\u015fulmak bilen, T\u00fcrkmenistany\u0148 \u00f6z \u00fcst\u00fcne alan \u00e4hli bor\u00e7namalaryny doly \u00fderine \u00fdetir\u00fd\u00e4ndigi nygtaldy.<br \/>\n\u015ee\u00fdle hem taraplar CAREC-i\u0148 T\u00fcrkmenistandaky Taslama edarasyny\u0148 sebiti\u0148 \u00fdurtlaryny\u0148 tebigaty goramak we suw bo\u00fdun\u00e7a pudak edaralaryny\u0148 wekillerini\u0148 arasynda sebitle\u00fdin gatna\u015fyklary\u0148 \u00f6sd\u00fcrilmegine \u00fdardam berm\u00e4ge g\u00f6n\u00fckdirilen \u00e4hmi\u00fdetli i\u015fini bellediler.<br \/>\nKonstruktiw s\u00f6hbetde\u015fligi\u0148 ahyrynda taraplar T\u00fcrkmenistan bilen CAREC-i\u0148 arasynda \u00f6zara b\u00e4hbitli gatna\u015fyklary mundan be\u00fdl\u00e4k-de \u00f6sd\u00fcrm\u00e4ge ygrarlydyklaryny bellediler.<\/p>\n","protected":false},"excerpt":{"rendered":"<p>31-nji \u00fdanwarda T\u00fcrkmenistany\u0148 DIM-nde T\u00fcrkmenistany\u0148 Da\u015fary i\u015fler ministrini\u0148 orunbasary M\u00e4hri B\u00e4\u015fimowa bilen Merkezi Azi\u00fdany\u0148 sebitle\u00fdin ekologi\u00fda merkezini\u0148 (CAREC) \u00dderine \u00fdetiriji direktory Zafar Mahmudowy\u0148 arasynda du\u015fu\u015fyk ge\u00e7irildi. Du\u015fu\u015fygy\u0148 bar\u015fynda taraplar da\u015fky gur\u015fawy goramak, ekologi\u00fda we howany\u0148 \u00fc\u00fdtgemegi bilen baglany\u015fykly meseleleri\u0148 gi\u0148 toplumyny ara alyp maslahatla\u015fdylar. \u00d6zara hyzmatda\u015flyk, hususan-da, T\u00fcrkmenistany\u0148 da\u015fky gur\u015fawy goramak bo\u00fdun\u00e7a halkara ba\u015flangy\u00e7lary, Merkezi [&hellip;]<\/p>\n","protected":false},"author":2,"featured_media":126205,"comment_status":"open","ping_status":"closed","sticky":false,"template":"","format":"standard","meta":{"footnotes":""},"categories":[3],"tags":[],"acf":[],"_links":{"self":[{"href":"https:\/\/zamanturkmenistan.com.tm\/index.php?rest_route=\/wp\/v2\/posts\/126204"}],"collection":[{"href":"https:\/\/zamanturkmenistan.com.tm\/index.php?rest_route=\/wp\/v2\/posts"}],"about":[{"href":"https:\/\/zamanturkmenistan.com.tm\/index.php?rest_route=\/wp\/v2\/types\/post"}],"author":[{"embeddable":true,"href":"https:\/\/zamanturkmenistan.com.tm\/index.php?rest_route=\/wp\/v2\/users\/2"}],"replies":[{"embeddable":true,"href":"https:\/\/zamanturkmenistan.com.tm\/index.php?rest_route=%2Fwp%2Fv2%2Fcomments&post=126204"}],"version-history":[{"count":1,"href":"https:\/\/zamanturkmenistan.com.tm\/index.php?rest_route=\/wp\/v2\/posts\/126204\/revisions"}],"predecessor-version":[{"id":126206,"href":"https:\/\/zamanturkmenistan.com.tm\/index.php?rest_route=\/wp\/v2\/posts\/126204\/revisions\/126206"}],"wp:featuredmedia":[{"embeddable":true,"href":"https:\/\/zamanturkmenistan.com.tm\/index.php?rest_route=\/wp\/v2\/media\/126205"}],"wp:attachment":[{"href":"https:\/\/zamanturkmenistan.com.tm\/index.php?rest_route=%2Fwp%2Fv2%2Fmedia&parent=126204"}],"wp:term":[{"taxonomy":"category","embeddable":true,"href":"https:\/\/zamanturkmenistan.com.tm\/index.php?rest_route=%2Fwp%2Fv2%2Fcategories&post=126204"},{"taxonomy":"post_tag","embeddable":true,"href":"https:\/\/zamanturkmenistan.com.tm\/index.php?rest_route=%2Fwp%2Fv2%2Ftags&post=126204"}],"curies":[{"name":"wp","href":"https:\/\/api.w.org\/{rel}","templated":true}]}}