{"id":126625,"date":"2025-02-07T17:47:23","date_gmt":"2025-02-07T12:47:23","guid":{"rendered":"https:\/\/zamanturkmenistan.com.tm\/?p=126625"},"modified":"2025-02-07T15:48:40","modified_gmt":"2025-02-07T10:48:40","slug":"turkmenistanyn-tajigistandaky-ilcihanasynda-dabaraly-careler-gecirildi","status":"publish","type":"post","link":"https:\/\/zamanturkmenistan.com.tm\/?p=126625","title":{"rendered":"T\u00fcrkmenistany\u0148 T\u00e4jigistandaky Il\u00e7ihanasynda dabaraly \u00e7\u00e4reler ge\u00e7irildi"},"content":{"rendered":"<p>6-njy fewralda T\u00fcrkmenistany\u0148 T\u00e4jigistan Respublikasyndaky Il\u00e7ihanasynda t\u00fcrkmen halkyny\u0148 Milli Lideri, T\u00fcrkmenistany\u0148 Halk Maslahatyny\u0148 Ba\u015flygy Gurbanguly Berdimuhamedowy\u0148 \u00abHakyda g\u00f6wheri\u00bb atly kitabyny\u0148 tany\u015fdyryly\u015f dabarasy, \u015fe\u00fdle hem 2025-nji \u00fdyly\u0148 \u00abHalkara parahat\u00e7ylyk we ynany\u015fmak \u00fdyly\u00bb di\u00fdlip yglan edilmegine we T\u00fcrkmenistany\u0148 hemi\u015felik Bitaraplygyny\u0148 30 \u00fdyllygyna bagy\u015flanan \u00e7\u00e4re ge\u00e7irildi.<br \/>\n\u00c7\u00e4r\u00e4 d\u00f6redijilik we ylmy intelligensi\u00fdany\u0148, t\u00fcrkmen diasporasyny\u0148 wekilleri, \u015fe\u00fdle hem T\u00e4jigistan Respublikasyny\u0148 \u00fdokary okuw mekdeplerinde bilim al\u00fdan t\u00fcrkmen talyplary gatna\u015fdylar.<br \/>\nKitap tany\u015fdyryly\u015f dabarasyny\u0148 \u00e7\u00e4ginde \u00e7yky\u015f edenler kitapda, halkymyzy\u0148 \u015f\u00f6hratly taryhyny\u0148, ba\u00fd medeni mirasyny\u0148, nusgalyk d\u00f6redijilik \u00fd\u00f6relgelerini\u0148 \u00e7u\u0148\u0148ur manyly be\u00fdan edilendigini, olary t\u00e4ze many mazmun bilen ba\u00fdla\u015fdyr\u00fdan bu eserleri\u0148 \u00fda\u015flary watan\u00e7ylyk, belent ahlaklylyk, \u00fdokary ynsanperwerlik ruhunda terbi\u00fdelemekde gymmatly hazynadygyny we \u00e4hli t\u00fcrkmen halky \u00fc\u00e7in bahasyna \u00fdetip bolmajak gymmatlyk bolandygyny a\u00fdratyn bellediler.<br \/>\n2025-nji \u00fdyly\u0148 \u00abHalkara parahat\u00e7ylyk we ynany\u015fmak \u00fdyly\u00bb di\u00fdlip yglan edilmegine we \u015fu \u00fdyl T\u00fcrkmenistany\u0148 hemi\u015felik Bitaraplygyny\u0148 30 \u00fdyllygyny\u0148 bellenil\u00fd\u00e4ndigine a\u00fdratyn \u00fcns \u00e7ekildi. \u015eunu\u0148 bilen baglylykda, agzalanlary\u0148 T\u00fcrkmenistany\u0148 \u00e4hlumumy parahat\u00e7ylygy, howpsuzlygy we durnukly \u00f6s\u00fc\u015fi \u00fcpj\u00fcn etm\u00e4ge g\u00f6n\u00fckdirilen i\u015flerini\u0148 d\u00fcn\u00fd\u00e4 jemgy\u00fdet\u00e7iligi tarapyndan ykrar edil\u00fd\u00e4ndigini\u0148 a\u00fddy\u0148 g\u00fcw\u00e4si bolup dur\u00fdandygy nygtaldy.<br \/>\n\u00c7\u00e4r\u00e4ni\u0148 dowamynda Il\u00e7i A.Go\u00e7myradow T\u00fcrkmenistany\u0148 Halkara parahat\u00e7ylyk we ynany\u015fmak \u00fdylyny\u0148 dowamyndaky i\u015flerini\u0148 we onu\u0148 ileri tut\u00fdan ugurlaryny\u0148 Konsepsi\u00fdasyndan gelip \u00e7yk\u00fdan wezipeler barada g\u00fcrr\u00fc\u0148 berdi.<\/p>\n","protected":false},"excerpt":{"rendered":"<p>6-njy fewralda T\u00fcrkmenistany\u0148 T\u00e4jigistan Respublikasyndaky Il\u00e7ihanasynda t\u00fcrkmen halkyny\u0148 Milli Lideri, T\u00fcrkmenistany\u0148 Halk Maslahatyny\u0148 Ba\u015flygy Gurbanguly Berdimuhamedowy\u0148 \u00abHakyda g\u00f6wheri\u00bb atly kitabyny\u0148 tany\u015fdyryly\u015f dabarasy, \u015fe\u00fdle hem 2025-nji \u00fdyly\u0148 \u00abHalkara parahat\u00e7ylyk we ynany\u015fmak \u00fdyly\u00bb di\u00fdlip yglan edilmegine we T\u00fcrkmenistany\u0148 hemi\u015felik Bitaraplygyny\u0148 30 \u00fdyllygyna bagy\u015flanan \u00e7\u00e4re ge\u00e7irildi. \u00c7\u00e4r\u00e4 d\u00f6redijilik we ylmy intelligensi\u00fdany\u0148, t\u00fcrkmen diasporasyny\u0148 wekilleri, \u015fe\u00fdle hem T\u00e4jigistan Respublikasyny\u0148 [&hellip;]<\/p>\n","protected":false},"author":2,"featured_media":126626,"comment_status":"open","ping_status":"closed","sticky":false,"template":"","format":"standard","meta":{"footnotes":""},"categories":[3],"tags":[],"acf":[],"_links":{"self":[{"href":"https:\/\/zamanturkmenistan.com.tm\/index.php?rest_route=\/wp\/v2\/posts\/126625"}],"collection":[{"href":"https:\/\/zamanturkmenistan.com.tm\/index.php?rest_route=\/wp\/v2\/posts"}],"about":[{"href":"https:\/\/zamanturkmenistan.com.tm\/index.php?rest_route=\/wp\/v2\/types\/post"}],"author":[{"embeddable":true,"href":"https:\/\/zamanturkmenistan.com.tm\/index.php?rest_route=\/wp\/v2\/users\/2"}],"replies":[{"embeddable":true,"href":"https:\/\/zamanturkmenistan.com.tm\/index.php?rest_route=%2Fwp%2Fv2%2Fcomments&post=126625"}],"version-history":[{"count":1,"href":"https:\/\/zamanturkmenistan.com.tm\/index.php?rest_route=\/wp\/v2\/posts\/126625\/revisions"}],"predecessor-version":[{"id":126627,"href":"https:\/\/zamanturkmenistan.com.tm\/index.php?rest_route=\/wp\/v2\/posts\/126625\/revisions\/126627"}],"wp:featuredmedia":[{"embeddable":true,"href":"https:\/\/zamanturkmenistan.com.tm\/index.php?rest_route=\/wp\/v2\/media\/126626"}],"wp:attachment":[{"href":"https:\/\/zamanturkmenistan.com.tm\/index.php?rest_route=%2Fwp%2Fv2%2Fmedia&parent=126625"}],"wp:term":[{"taxonomy":"category","embeddable":true,"href":"https:\/\/zamanturkmenistan.com.tm\/index.php?rest_route=%2Fwp%2Fv2%2Fcategories&post=126625"},{"taxonomy":"post_tag","embeddable":true,"href":"https:\/\/zamanturkmenistan.com.tm\/index.php?rest_route=%2Fwp%2Fv2%2Ftags&post=126625"}],"curies":[{"name":"wp","href":"https:\/\/api.w.org\/{rel}","templated":true}]}}