{"id":126776,"date":"2025-02-09T20:26:56","date_gmt":"2025-02-09T15:26:56","guid":{"rendered":"https:\/\/zamanturkmenistan.com.tm\/?p=126776"},"modified":"2025-02-09T20:26:56","modified_gmt":"2025-02-09T15:26:56","slug":"senanyn-sozleri-we-sazy-uytgediler","status":"publish","type":"post","link":"https:\/\/zamanturkmenistan.com.tm\/?p=126776","title":{"rendered":"Senany\u0148 s\u00f6zleri we sazy \u00fc\u00fdtgediler"},"content":{"rendered":"<p>Gyrgyzystanda di\u0148e Respublikany\u0148 Senasyny\u0148 s\u00f6zleri d\u00e4l, sazy-da \u00fc\u00fdtgediler. Munu\u0148 bilen baglylykda, \u00fdurtda b\u00e4sle\u015fik yglan ediler. Bu barada \u00fdurdu\u0148 medeni\u00fdet ministri Timurlan A\u017eymali\u00fdew Senany \u00fc\u00fdtgetmek barada topary\u0148 maslahatynda habar berdi di\u00fdip, gyrgyz ne\u015firleri \u00fdaz\u00fdar.<\/p>\n","protected":false},"excerpt":{"rendered":"<p>Gyrgyzystanda di\u0148e Respublikany\u0148 Senasyny\u0148 s\u00f6zleri d\u00e4l, sazy-da \u00fc\u00fdtgediler. Munu\u0148 bilen baglylykda, \u00fdurtda b\u00e4sle\u015fik yglan ediler. Bu barada \u00fdurdu\u0148 medeni\u00fdet ministri Timurlan A\u017eymali\u00fdew Senany \u00fc\u00fdtgetmek barada topary\u0148 maslahatynda habar berdi di\u00fdip, gyrgyz ne\u015firleri \u00fdaz\u00fdar.<\/p>\n","protected":false},"author":2,"featured_media":126777,"comment_status":"open","ping_status":"closed","sticky":false,"template":"","format":"standard","meta":{"footnotes":""},"categories":[5],"tags":[],"acf":[],"_links":{"self":[{"href":"https:\/\/zamanturkmenistan.com.tm\/index.php?rest_route=\/wp\/v2\/posts\/126776"}],"collection":[{"href":"https:\/\/zamanturkmenistan.com.tm\/index.php?rest_route=\/wp\/v2\/posts"}],"about":[{"href":"https:\/\/zamanturkmenistan.com.tm\/index.php?rest_route=\/wp\/v2\/types\/post"}],"author":[{"embeddable":true,"href":"https:\/\/zamanturkmenistan.com.tm\/index.php?rest_route=\/wp\/v2\/users\/2"}],"replies":[{"embeddable":true,"href":"https:\/\/zamanturkmenistan.com.tm\/index.php?rest_route=%2Fwp%2Fv2%2Fcomments&post=126776"}],"version-history":[{"count":1,"href":"https:\/\/zamanturkmenistan.com.tm\/index.php?rest_route=\/wp\/v2\/posts\/126776\/revisions"}],"predecessor-version":[{"id":126778,"href":"https:\/\/zamanturkmenistan.com.tm\/index.php?rest_route=\/wp\/v2\/posts\/126776\/revisions\/126778"}],"wp:featuredmedia":[{"embeddable":true,"href":"https:\/\/zamanturkmenistan.com.tm\/index.php?rest_route=\/wp\/v2\/media\/126777"}],"wp:attachment":[{"href":"https:\/\/zamanturkmenistan.com.tm\/index.php?rest_route=%2Fwp%2Fv2%2Fmedia&parent=126776"}],"wp:term":[{"taxonomy":"category","embeddable":true,"href":"https:\/\/zamanturkmenistan.com.tm\/index.php?rest_route=%2Fwp%2Fv2%2Fcategories&post=126776"},{"taxonomy":"post_tag","embeddable":true,"href":"https:\/\/zamanturkmenistan.com.tm\/index.php?rest_route=%2Fwp%2Fv2%2Ftags&post=126776"}],"curies":[{"name":"wp","href":"https:\/\/api.w.org\/{rel}","templated":true}]}}