{"id":127197,"date":"2025-02-15T09:43:33","date_gmt":"2025-02-15T04:43:33","guid":{"rendered":"https:\/\/zamanturkmenistan.com.tm\/?p=127197"},"modified":"2025-02-15T09:43:33","modified_gmt":"2025-02-15T04:43:33","slug":"turkmenistanyn-we-russiyanyn-dasary-isler-ministrleri-telefon-arkaly-sohbetdeslik-gecirdi","status":"publish","type":"post","link":"https:\/\/zamanturkmenistan.com.tm\/?p=127197","title":{"rendered":"T\u00fcrkmenistany\u0148 we Russi\u00fdany\u0148 da\u015fary i\u015fler ministrleri telefon arkaly s\u00f6hbetde\u015flik ge\u00e7irdi"},"content":{"rendered":"<p>2025-nji \u00fdyly\u0148 14-nji fewralynda T\u00fcrkmenistany\u0148 Da\u015fary i\u015fler ministri R.\u00d6.Meredow bilen Russi\u00fda Federasi\u00fdasyny\u0148 Da\u015fary i\u015fler ministri S.W.Lawrowy\u0148 arasynda telefon arkaly s\u00f6hbetde\u015flik ge\u00e7irildi.<br \/>\nS\u00f6hbetde\u015fligi\u0148 dowamynda taraplar ikitarapla\u00fdyn we k\u00f6ptarapla\u00fdyn formatlarda, hususan-da Birle\u015fen Milletler Guramasyny\u0148 we Gara\u015fsyz D\u00f6wletleri\u0148 Arkala\u015fygyny\u0148 \u00e7\u00e4gind\u00e4ki hyzmatda\u015flyk bilen baglany\u015fykly meselelere garadylar.<br \/>\nMinistrler ikitarapla\u00fdyn saparlary\u0148 we ge\u0148e\u015fmeleri\u0148 \u00fcsti bilen iki \u00fdurdu\u0148 da\u015fary sy\u00fdasat edaralaryny\u0148 arasyndaky gatna\u015fyklary g\u00fc\u00fd\u00e7lendirmek barada ylala\u015fdylar.<br \/>\nMundan ba\u015fga-da, taraplar Halkara parahat\u00e7ylyk we ynany\u015fmak \u00fdylyny\u0148 \u00e4hmi\u00fdetini nygtadylar we \u00fdyly\u0148 dowamynda T\u00fcrkmenistany\u0148 we Russi\u00fdany\u0148 gatna\u015fmagynda, \u015fol sanda BMG-ni\u0148 me\u00fddan\u00e7asynda ge\u00e7iriljek \u00e7\u00e4releri jikme-jik ara alyp maslahatla\u015fdylar.<br \/>\nDa\u015fary sy\u00fdasat edaralary\u0148 \u00fdolba\u015f\u00e7ylary T\u00fcrkmenistan bilen Russi\u00fdany\u0148 arasyndaky medeni-ynsanperwer gatna\u015fyklary\u0148 mundan be\u00fdl\u00e4k-de \u00f6sd\u00fcrilmegine a\u00fdratyn \u00fcns \u00e7ekdiler.<\/p>\n","protected":false},"excerpt":{"rendered":"<p>2025-nji \u00fdyly\u0148 14-nji fewralynda T\u00fcrkmenistany\u0148 Da\u015fary i\u015fler ministri R.\u00d6.Meredow bilen Russi\u00fda Federasi\u00fdasyny\u0148 Da\u015fary i\u015fler ministri S.W.Lawrowy\u0148 arasynda telefon arkaly s\u00f6hbetde\u015flik ge\u00e7irildi. S\u00f6hbetde\u015fligi\u0148 dowamynda taraplar ikitarapla\u00fdyn we k\u00f6ptarapla\u00fdyn formatlarda, hususan-da Birle\u015fen Milletler Guramasyny\u0148 we Gara\u015fsyz D\u00f6wletleri\u0148 Arkala\u015fygyny\u0148 \u00e7\u00e4gind\u00e4ki hyzmatda\u015flyk bilen baglany\u015fykly meselelere garadylar. Ministrler ikitarapla\u00fdyn saparlary\u0148 we ge\u0148e\u015fmeleri\u0148 \u00fcsti bilen iki \u00fdurdu\u0148 da\u015fary sy\u00fdasat edaralaryny\u0148 arasyndaky [&hellip;]<\/p>\n","protected":false},"author":2,"featured_media":121982,"comment_status":"open","ping_status":"closed","sticky":false,"template":"","format":"standard","meta":{"footnotes":""},"categories":[3],"tags":[],"acf":[],"_links":{"self":[{"href":"https:\/\/zamanturkmenistan.com.tm\/index.php?rest_route=\/wp\/v2\/posts\/127197"}],"collection":[{"href":"https:\/\/zamanturkmenistan.com.tm\/index.php?rest_route=\/wp\/v2\/posts"}],"about":[{"href":"https:\/\/zamanturkmenistan.com.tm\/index.php?rest_route=\/wp\/v2\/types\/post"}],"author":[{"embeddable":true,"href":"https:\/\/zamanturkmenistan.com.tm\/index.php?rest_route=\/wp\/v2\/users\/2"}],"replies":[{"embeddable":true,"href":"https:\/\/zamanturkmenistan.com.tm\/index.php?rest_route=%2Fwp%2Fv2%2Fcomments&post=127197"}],"version-history":[{"count":1,"href":"https:\/\/zamanturkmenistan.com.tm\/index.php?rest_route=\/wp\/v2\/posts\/127197\/revisions"}],"predecessor-version":[{"id":127198,"href":"https:\/\/zamanturkmenistan.com.tm\/index.php?rest_route=\/wp\/v2\/posts\/127197\/revisions\/127198"}],"wp:featuredmedia":[{"embeddable":true,"href":"https:\/\/zamanturkmenistan.com.tm\/index.php?rest_route=\/wp\/v2\/media\/121982"}],"wp:attachment":[{"href":"https:\/\/zamanturkmenistan.com.tm\/index.php?rest_route=%2Fwp%2Fv2%2Fmedia&parent=127197"}],"wp:term":[{"taxonomy":"category","embeddable":true,"href":"https:\/\/zamanturkmenistan.com.tm\/index.php?rest_route=%2Fwp%2Fv2%2Fcategories&post=127197"},{"taxonomy":"post_tag","embeddable":true,"href":"https:\/\/zamanturkmenistan.com.tm\/index.php?rest_route=%2Fwp%2Fv2%2Ftags&post=127197"}],"curies":[{"name":"wp","href":"https:\/\/api.w.org\/{rel}","templated":true}]}}