{"id":128729,"date":"2025-03-07T17:28:24","date_gmt":"2025-03-07T12:28:24","guid":{"rendered":"https:\/\/zamanturkmenistan.com.tm\/?p=128729"},"modified":"2025-03-07T17:28:24","modified_gmt":"2025-03-07T12:28:24","slug":"syyahatcylyk-sergisi-gecirildi-2","status":"publish","type":"post","link":"https:\/\/zamanturkmenistan.com.tm\/?p=128729","title":{"rendered":"Sy\u00fdahat\u00e7ylyk sergisi ge\u00e7irildi"},"content":{"rendered":"<p>4-6-njy mart ara\u00adly\u00adgyn\u00adda Ger\u00adma\u00adni\u00ad\u00fda\u00adny\u0148 pa\u00fd\u00adtag\u00adtyn\u00adda \u00abITB Ber\u00adlin 2025\u00bb ser\u00adgi\u00adsi ge\u00ad\u00e7i\u00adril\u00addi. \u015eu \u00fdyl Al\u00adba\u00adni\u00ad\u00fda ser\u00adgi\u00adni\u0148 myh\u00adman \u00fdur\u00addy h\u00f6k\u00adm\u00fcn\u00adde sa\u00fd\u00adlan\u00addy. \u00abITB Ber\u00adlin\u00bb d\u00fcn\u00ad\u00fd\u00e4\u00adni\u0148 i\u0148 uly sy\u00ad\u00fda\u00adhat\u00ad\u00e7y\u00adlyk ser\u00adgi\u00adsi ha\u00adsap\u00adlan\u00ad\u00fdar. Bu \u00fdyl\u00adky ser\u00adgi\u00adde dur\u00adnuk\u00adly\u00adlyk we jo\u00adgap\u00adk\u00e4r\u00ad\u00e7i\u00adlik te\u00adma\u00adla\u00adry\u00adna \u00fcns ber\u00adlip\u00addir. Ser\u00adgi\u00adni\u0148 esa\u00adsy b\u00f6\u00adl\u00fc\u00admin\u00adde da\u015f\u00adky gur\u00ad\u015faw we jem\u00adgy\u00ad\u00fdet\u00ad\u00e7i\u00adlik ba\u00adbat\u00adda dur\u00adnuk\u00adly sy\u00ad\u00fda\u00adhat\u00ad\u00e7y\u00adly\u00adgy alyp bar\u00admak \u00fc\u00e7in \u00e7\u00f6z\u00adg\u00fct\u00adler g\u00f6r\u00adke\u00adzil\u00ad\u00fd\u00e4r. 1966-njy \u00fdyl\u00addan b\u00e4\u00adri ge\u00ad\u00e7i\u00adril\u00ad\u00fd\u00e4n ser\u00adg\u00e4 di\u00ad\u0148e sy\u00ad\u00fda\u00adhat\u00ad\u00e7y\u00adlyk kom\u00adpa\u00adni\u00ad\u00fda\u00adla\u00adry d\u00e4l, e\u00fd\u00adsem, awia\u00adkom\u00adpa\u00adni\u00ad\u00fda\u00adlar, bi\u00adler\u00admen\u00adler, alym\u00adlar we be\u00fd\u00adle\u00adki\u00adler gat\u00adna\u015f\u00addy. Ser\u00adg\u00e4 d\u00fcn\u00ad\u00fd\u00e4\u00adni\u0148 170 \u00fdur\u00addun\u00addan 5 m\u00fc\u0148 800 kom\u00adpa\u00adni\u00ad\u00fda gat\u00adna\u015f\u00ad\u00fdar.<\/p>\n<p style=\"text-align: right;\"><strong>Mer\u00adgen GURBANGULY\u00ddEW, <\/strong><br \/>\n<strong>T\u00fcrkmenistany\u0148 Telekommunikasi\u00fdalar we informatika institutyny\u0148 talyby.<\/strong><\/p>\n","protected":false},"excerpt":{"rendered":"<p>4-6-njy mart ara\u00adly\u00adgyn\u00adda Ger\u00adma\u00adni\u00ad\u00fda\u00adny\u0148 pa\u00fd\u00adtag\u00adtyn\u00adda \u00abITB Ber\u00adlin 2025\u00bb ser\u00adgi\u00adsi ge\u00ad\u00e7i\u00adril\u00addi. \u015eu \u00fdyl Al\u00adba\u00adni\u00ad\u00fda ser\u00adgi\u00adni\u0148 myh\u00adman \u00fdur\u00addy h\u00f6k\u00adm\u00fcn\u00adde sa\u00fd\u00adlan\u00addy. \u00abITB Ber\u00adlin\u00bb d\u00fcn\u00ad\u00fd\u00e4\u00adni\u0148 i\u0148 uly sy\u00ad\u00fda\u00adhat\u00ad\u00e7y\u00adlyk ser\u00adgi\u00adsi ha\u00adsap\u00adlan\u00ad\u00fdar. Bu \u00fdyl\u00adky ser\u00adgi\u00adde dur\u00adnuk\u00adly\u00adlyk we jo\u00adgap\u00adk\u00e4r\u00ad\u00e7i\u00adlik te\u00adma\u00adla\u00adry\u00adna \u00fcns ber\u00adlip\u00addir. Ser\u00adgi\u00adni\u0148 esa\u00adsy b\u00f6\u00adl\u00fc\u00admin\u00adde da\u015f\u00adky gur\u00ad\u015faw we jem\u00adgy\u00ad\u00fdet\u00ad\u00e7i\u00adlik ba\u00adbat\u00adda dur\u00adnuk\u00adly sy\u00ad\u00fda\u00adhat\u00ad\u00e7y\u00adly\u00adgy alyp bar\u00admak \u00fc\u00e7in \u00e7\u00f6z\u00adg\u00fct\u00adler g\u00f6r\u00adke\u00adzil\u00ad\u00fd\u00e4r. 1966-njy \u00fdyl\u00addan b\u00e4\u00adri ge\u00ad\u00e7i\u00adril\u00ad\u00fd\u00e4n ser\u00adg\u00e4 [&hellip;]<\/p>\n","protected":false},"author":2,"featured_media":128730,"comment_status":"open","ping_status":"closed","sticky":false,"template":"","format":"standard","meta":{"footnotes":""},"categories":[5],"tags":[],"acf":[],"_links":{"self":[{"href":"https:\/\/zamanturkmenistan.com.tm\/index.php?rest_route=\/wp\/v2\/posts\/128729"}],"collection":[{"href":"https:\/\/zamanturkmenistan.com.tm\/index.php?rest_route=\/wp\/v2\/posts"}],"about":[{"href":"https:\/\/zamanturkmenistan.com.tm\/index.php?rest_route=\/wp\/v2\/types\/post"}],"author":[{"embeddable":true,"href":"https:\/\/zamanturkmenistan.com.tm\/index.php?rest_route=\/wp\/v2\/users\/2"}],"replies":[{"embeddable":true,"href":"https:\/\/zamanturkmenistan.com.tm\/index.php?rest_route=%2Fwp%2Fv2%2Fcomments&post=128729"}],"version-history":[{"count":1,"href":"https:\/\/zamanturkmenistan.com.tm\/index.php?rest_route=\/wp\/v2\/posts\/128729\/revisions"}],"predecessor-version":[{"id":128731,"href":"https:\/\/zamanturkmenistan.com.tm\/index.php?rest_route=\/wp\/v2\/posts\/128729\/revisions\/128731"}],"wp:featuredmedia":[{"embeddable":true,"href":"https:\/\/zamanturkmenistan.com.tm\/index.php?rest_route=\/wp\/v2\/media\/128730"}],"wp:attachment":[{"href":"https:\/\/zamanturkmenistan.com.tm\/index.php?rest_route=%2Fwp%2Fv2%2Fmedia&parent=128729"}],"wp:term":[{"taxonomy":"category","embeddable":true,"href":"https:\/\/zamanturkmenistan.com.tm\/index.php?rest_route=%2Fwp%2Fv2%2Fcategories&post=128729"},{"taxonomy":"post_tag","embeddable":true,"href":"https:\/\/zamanturkmenistan.com.tm\/index.php?rest_route=%2Fwp%2Fv2%2Ftags&post=128729"}],"curies":[{"name":"wp","href":"https:\/\/api.w.org\/{rel}","templated":true}]}}