{"id":128788,"date":"2025-03-08T13:30:50","date_gmt":"2025-03-08T08:30:50","guid":{"rendered":"https:\/\/zamanturkmenistan.com.tm\/?p=128788"},"modified":"2025-03-08T13:30:50","modified_gmt":"2025-03-08T08:30:50","slug":"halkara-zenanlar-guni-mynasybetli-konsert-gecirildi","status":"publish","type":"post","link":"https:\/\/zamanturkmenistan.com.tm\/?p=128788","title":{"rendered":"Halkara zenanlar g\u00fcni mynasybetli konsert ge\u00e7irildi"},"content":{"rendered":"<p>7-nji martda \u2014 Halkara zenanlar g\u00fcn\u00fcni\u0148 \u00f6\u0148\u00fcsyrasynda D\u00f6wlet medeni\u00fdet merkezini\u0148 Mukamlar k\u00f6\u015fg\u00fcnde sungat ussatlaryny\u0148 Watanymyzy\u0148 gelin-gyzlaryna bagy\u015flanan konserti boldy. Ba\u00fdram\u00e7ylyk konsertine Di\u00fdarymyzy\u0148 \u00e4hli k\u00fcnjeklerinden zenanlar \u00fdygnandylar. \u015eolary\u0148 hatarynda H\u00f6k\u00fcmet agzalary, Mejlisi\u0148 deputatlary, z\u00e4hmet weteranlary, jemgy\u00fdet\u00e7ilik guramalaryny\u0148 wekilleri, ykdysady\u00fdeti\u0148 d\u00fcrli pudaklarynda z\u00e4hmet \u00e7ek\u00fd\u00e4n \u00f6\u0148debaryjylar bar. \u015ee\u00fdle hem konserte T\u00fcrkmenistandaky diplomatik wekilhanalary\u0148 we halkara d\u00fcz\u00fcmleri\u0148 zenan i\u015fg\u00e4rleri hormatly myhman h\u00f6km\u00fcnde gatna\u015fdylar.<br \/>\nAja\u00fdyp ba\u00fdram\u00e7ylyk konserti me\u015fhur a\u00fddym\u00e7ylary\u0148, teatr artistlerini\u0148, birle\u015fen d\u00f6redijilik-tans we hor toparlaryny\u0148 \u00fderine \u00fdetirmeginde \u00abEn\u00e4 tagzym \u2014 mukaddeslige tagzym\u00bb atly a\u00fddym-sazly edebi kompozisi\u00fda bilen a\u00e7yldy. T\u00fcrkmen halkyny\u0148 Milli Lideri, T\u00fcrkmenistany\u0148 Halk Maslahatyny\u0148 Ba\u015flygy Gurbanguly Berdimuhamedowy\u0148 \u00abEn\u00e4 tagzym \u2014 mukaddeslige tagzym\u00bb atly kitaby esasynda sahnala\u015fdyrylan spektaklda eneleri\u0148 waspy \u00fdetirildi. Sungat ussatlaryny\u0148 \u00e7yky\u015flarynda parahat\u00e7ylygy\u0148, abadan\u00e7ylygy\u0148 \u00fdurdy bolan Gara\u015fsyz Watanymyza bu\u00fdsan\u00e7 be\u00fdan edildi.<br \/>\nBa\u00fdram\u00e7ylyk konserti T\u00fcrkmenistany\u0148 halk we at gazanan artistlerini\u0148, me\u015fhur a\u00fddym\u00e7ylary\u0148, a\u00fddym-saz, folklor toparlaryny\u0148 \u00e7yky\u015flary bilen dowam etdi. \u00c7yky\u015flarda m\u00e4hrem zenanlara, enelerimize, u\u00fdalarymyza, gelin-gyzlarymyza t\u00fc\u00fds \u00fd\u00fcrekden \u00e7yk\u00fdan jo\u015fgunly gutlaglar \u00f6z be\u00fdanyny tapdy. Sahnada zenanlary\u0148 ho\u015fni\u00fdetliligini, sadalygyny, asyllylygyny, pa\u00fdhaslylygyny, g\u00f6zelligini we wepalylygyny, enelik s\u00f6\u00fdg\u00fcsini wasp ed\u00fd\u00e4n g\u00f6w\u00fcn g\u00f6teriji a\u00fddymlar \u00fda\u0148landy.<br \/>\nBu g\u00fcn a\u00fddym-saz sungatyny\u0148 ussatlary bilen bir hatarda, sungat \u00fdoluna \u00fda\u0148y gadam basan we e\u00fd\u00fd\u00e4m me\u015fhurlyk gazanan estrada a\u00fddym\u00e7ylary hem \u00e7yky\u015f etdiler. Olar toma\u015fa\u00e7ylara sowgat h\u00f6km\u00fcnde \u00abA\u00fddymlar \u00e7emeni\u00bb atly da\u015fary \u00fdurt nusgawy a\u00fddym-saz eserlerini\u0148 \u00e7emenini ta\u00fd\u00fdarlapdyrlar. I\u0148lis, ispan, hyta\u00fd, rus, fransuz dillerinde a\u00fddymlar \u00fderine \u00fdetirildi. \u00dda\u015fajyk artistler-de \u00f6z zehinlerini g\u00f6rkezdiler. A\u00fddym\u00e7ylar, \u00abG\u00fcne\u015f\u00bb \u00e7agalar hory, \u00ab\u015eowhun\u00bb, \u00abMe\u0148li\u00bb \u00e7agalar tans toparlary \u00abEje, eje, jan eje!\u00bb atly liriki eser arkaly enelerimize m\u00e4hirli du\u00fdgularyny be\u00fdan etdiler.<br \/>\nGahryman Arkadagymyzy\u0148 s\u00f6zlerine we sazyna d\u00f6redilen \u00ab\u00ddadymda\u00bb atly a\u00fddymy\u0148 \u00fda\u0148lanmagy toma\u015fa\u00e7ylary\u0148 ruhubelentligini has-da artdyrdy. Bu aja\u00fdyp sungat eserinde nurana arzuwlar, s\u00f6\u00fdgi, geljege bolan umyt wasp edil\u00fd\u00e4r. A\u00fddymy\u0148 \u00abSerpa\u00fd\u00bb folklor toparyny\u0148, \u00abN\u00e4zli\u00bb tans toparyny\u0148 \u00e7yky\u015flary bilen utga\u015fmagy o\u0148a a\u00fdratyn \u00f6w\u00fc\u015fgin \u00e7a\u00fddy.<br \/>\n\u00abMiras\u00bb folklor toparyny\u0148 \u00fderine \u00fdetiren k\u00fc\u015ftdepdisi konserte gatna\u015fyjylary\u0148 \u015fowhunly el \u00e7arpy\u015fmalary bilen gar\u015fylanyldy. Munu\u0148 \u00f6zi Watanymyzy\u0148 sahawatly topragyny \u00fdylad\u00fdan bahar paslyny\u0148 k\u00f6p\u00f6w\u00fc\u015fginli g\u00f6zelligini\u0148 be\u00fdanyna \u00f6wr\u00fcldi. K\u00fc\u015ftdepdi \u00ddUNESKO-ny\u0148 Adamzady\u0148 maddy d\u00e4l medeni mirasyny\u0148 sanawyna girizilen, halkymyzy\u0148 taryhy-medeni we ruhy tejribesini \u00f6z\u00fcnde jemle\u00fd\u00e4n halk d\u00f6redijiligini\u0148 aja\u00fdyp nusgasydyr.<br \/>\nDabara gatna\u015fyjylary\u0148 \u00e4hlisini\u0148 bilelikde \u00fderine \u00fdetirmeginde \u00fda\u0148lanan \u00abBagty\u00fdar Di\u00fdary\u0148 m\u00e4hribanlary\u00bb atly aja\u00fdyp a\u00fddym konserti\u0148 \u00f6zbolu\u015fly jemlenmesi boldy. Onda Berkarar d\u00f6wleti\u0148 t\u00e4ze e\u00fd\u00fdamyny\u0148 Galkyny\u015fy d\u00f6wr\u00fcni\u0148 bagty\u00fdar zenanlary, Gara\u015fsyz Watanymyza bu\u00fdsan\u00e7, hormatly Prezidentimizi\u0148 ba\u015ftutanlygynda halkymyzy\u0148 abadan\u00e7ylygyny\u0148, \u00fdurdumyzy\u0148 mundan be\u00fdl\u00e4k-de g\u00fcll\u00e4p \u00f6smegini\u0148 b\u00e4hbidine amala a\u015fyryl\u00fdan be\u00fdik i\u015fler wasp edildi.<br \/>\n\u015eu g\u00fcnler pa\u00fdtagtymyzy\u0148 we \u00fdurdumyzy\u0148 wela\u00fdatlaryny\u0148 esasy sahnalarynda, konsert zallarynda Halkara zenanlar g\u00fcni mynasybetli dabaralar ge\u00e7iril\u00fd\u00e4r. Hemme \u00fderde zenanlarymyza m\u00e4hirli gutlaglar, \u015fatlyk, bagty\u00fdarlyk, parahat\u00e7ylyk we abadan\u00e7ylyk baradaky arzuwlar belentden \u00fda\u0148lan\u00fdar.<\/p>\n","protected":false},"excerpt":{"rendered":"<p>7-nji martda \u2014 Halkara zenanlar g\u00fcn\u00fcni\u0148 \u00f6\u0148\u00fcsyrasynda D\u00f6wlet medeni\u00fdet merkezini\u0148 Mukamlar k\u00f6\u015fg\u00fcnde sungat ussatlaryny\u0148 Watanymyzy\u0148 gelin-gyzlaryna bagy\u015flanan konserti boldy. Ba\u00fdram\u00e7ylyk konsertine Di\u00fdarymyzy\u0148 \u00e4hli k\u00fcnjeklerinden zenanlar \u00fdygnandylar. \u015eolary\u0148 hatarynda H\u00f6k\u00fcmet agzalary, Mejlisi\u0148 deputatlary, z\u00e4hmet weteranlary, jemgy\u00fdet\u00e7ilik guramalaryny\u0148 wekilleri, ykdysady\u00fdeti\u0148 d\u00fcrli pudaklarynda z\u00e4hmet \u00e7ek\u00fd\u00e4n \u00f6\u0148debaryjylar bar. \u015ee\u00fdle hem konserte T\u00fcrkmenistandaky diplomatik wekilhanalary\u0148 we halkara d\u00fcz\u00fcmleri\u0148 zenan i\u015fg\u00e4rleri [&hellip;]<\/p>\n","protected":false},"author":2,"featured_media":128789,"comment_status":"open","ping_status":"closed","sticky":false,"template":"","format":"standard","meta":{"footnotes":""},"categories":[3],"tags":[],"acf":[],"_links":{"self":[{"href":"https:\/\/zamanturkmenistan.com.tm\/index.php?rest_route=\/wp\/v2\/posts\/128788"}],"collection":[{"href":"https:\/\/zamanturkmenistan.com.tm\/index.php?rest_route=\/wp\/v2\/posts"}],"about":[{"href":"https:\/\/zamanturkmenistan.com.tm\/index.php?rest_route=\/wp\/v2\/types\/post"}],"author":[{"embeddable":true,"href":"https:\/\/zamanturkmenistan.com.tm\/index.php?rest_route=\/wp\/v2\/users\/2"}],"replies":[{"embeddable":true,"href":"https:\/\/zamanturkmenistan.com.tm\/index.php?rest_route=%2Fwp%2Fv2%2Fcomments&post=128788"}],"version-history":[{"count":1,"href":"https:\/\/zamanturkmenistan.com.tm\/index.php?rest_route=\/wp\/v2\/posts\/128788\/revisions"}],"predecessor-version":[{"id":128790,"href":"https:\/\/zamanturkmenistan.com.tm\/index.php?rest_route=\/wp\/v2\/posts\/128788\/revisions\/128790"}],"wp:featuredmedia":[{"embeddable":true,"href":"https:\/\/zamanturkmenistan.com.tm\/index.php?rest_route=\/wp\/v2\/media\/128789"}],"wp:attachment":[{"href":"https:\/\/zamanturkmenistan.com.tm\/index.php?rest_route=%2Fwp%2Fv2%2Fmedia&parent=128788"}],"wp:term":[{"taxonomy":"category","embeddable":true,"href":"https:\/\/zamanturkmenistan.com.tm\/index.php?rest_route=%2Fwp%2Fv2%2Fcategories&post=128788"},{"taxonomy":"post_tag","embeddable":true,"href":"https:\/\/zamanturkmenistan.com.tm\/index.php?rest_route=%2Fwp%2Fv2%2Ftags&post=128788"}],"curies":[{"name":"wp","href":"https:\/\/api.w.org\/{rel}","templated":true}]}}