{"id":128794,"date":"2025-03-08T13:36:32","date_gmt":"2025-03-08T08:36:32","guid":{"rendered":"https:\/\/zamanturkmenistan.com.tm\/?p=128794"},"modified":"2025-03-08T13:36:32","modified_gmt":"2025-03-08T08:36:32","slug":"turkmenistanyn-we-gruziyanyn-dasary-isler-ministrleri-hyzmatdaslyk-meselelerini-ara-alyp-maslahatlasdylar","status":"publish","type":"post","link":"https:\/\/zamanturkmenistan.com.tm\/?p=128794","title":{"rendered":"T\u00fcrkmenistany\u0148 we Gruzi\u00fdany\u0148 Da\u015fary i\u015fler ministrleri hyzmatda\u015flyk meselelerini ara alyp maslahatla\u015fdylar"},"content":{"rendered":"<p>7-nji martda A\u015fgabat \u015f\u00e4herinde T\u00fcrkmenistany\u0148 Da\u015fary i\u015fler ministri Ra\u015fid Meredow bilen Gruzi\u00fdany\u0148 Prem\u00fder-ministrini\u0148 \u00fdolba\u015f\u00e7ylygyndaky wekili\u00fdeti\u0148 d\u00fcz\u00fcminde T\u00fcrkmenistana gelen Gruzi\u00fdany\u0148 Da\u015fary i\u015fler ministri hanym Maka Bot\u00e7ori\u015fwilini\u0148 arasynda du\u015fu\u015fyk ge\u00e7irildi.<br \/>\nDu\u015fu\u015fygy\u0148 ba\u015fynda taraplar \u00fdokary derejed\u00e4ki gatna\u015fyklary\u0148, hususan-da Gruzi\u00fdany\u0148 Prem\u00fder-ministri Irakli Kobahidzeni\u0148 h\u00e4zirki wagtda T\u00fcrkmenistana amala a\u015fyr\u00fdan saparyny\u0148 d\u00f6wletara gatna\u015fyklary \u00f6sd\u00fcrmekde m\u00f6h\u00fcm orny e\u00fdele\u00fd\u00e4ndigini nygtadylar.<br \/>\nMinistrler iki \u00fdurdu\u0148 arasyndaky gatna\u015fyklary\u0148 ikitarapla\u00fdyn g\u00f6rn\u00fc\u015fde we halkara guramalary\u0148, ilkinji nobatda BMG-ni\u0148 \u00e7\u00e4klerinde i\u015fje\u0148 \u00f6sd\u00fcril\u00fd\u00e4ndigini kanagatlanma bilen bellediler. \u015eunu\u0148 bilen baglylykda, T\u00fcrkmenistany\u0148 ba\u015flangyjy bilen BMG-ni\u0148 Ba\u015f Assamble\u00fdasyny\u0148 Kararnamasyna la\u00fdyklykda Halkara parahat\u00e7ylyk we ynany\u015fmak \u00fdyly di\u00fdlip yglan edilen \u015fu \u00fdyly\u0148 dowamynda ge\u00e7irilmegi me\u00fdille\u015fdiril\u00fd\u00e4n bilelikd\u00e4ki \u00e7\u00e4reler ara alnyp maslahatla\u015fyldy.<br \/>\nTaraplar i\u015fje\u0148 dialogy\u0148 hem-de edara \u00fdolba\u015f\u00e7ylary we b\u00f6l\u00fcm m\u00fcdirleri derejesinde ge\u00e7iril\u00fd\u00e4n yzygiderli ge\u0148e\u015fmeleri\u0148 \u00fcsti bilen da\u015fary sy\u00fdasat edaralaryny\u0148 arasyndaky hyzmatda\u015flygy dowam etm\u00e4ge ygrarlylygy be\u00fdan etdiler.<br \/>\n\u015eol bir g\u00fcn\u00fc\u0148 \u00f6z\u00fcnde ministrler T\u00fcrkmenistany\u0148 Da\u015fary i\u015fler ministrligi bilen Gruzi\u00fdany\u0148 Da\u015fary i\u015fler ministrligini\u0148 arasynda 2025-2026-njy \u00fdyllarda hyzmatda\u015flyk etmek bo\u00fdun\u00e7a Maksatnama gol \u00e7ekdiler.<\/p>\n","protected":false},"excerpt":{"rendered":"<p>7-nji martda A\u015fgabat \u015f\u00e4herinde T\u00fcrkmenistany\u0148 Da\u015fary i\u015fler ministri Ra\u015fid Meredow bilen Gruzi\u00fdany\u0148 Prem\u00fder-ministrini\u0148 \u00fdolba\u015f\u00e7ylygyndaky wekili\u00fdeti\u0148 d\u00fcz\u00fcminde T\u00fcrkmenistana gelen Gruzi\u00fdany\u0148 Da\u015fary i\u015fler ministri hanym Maka Bot\u00e7ori\u015fwilini\u0148 arasynda du\u015fu\u015fyk ge\u00e7irildi. Du\u015fu\u015fygy\u0148 ba\u015fynda taraplar \u00fdokary derejed\u00e4ki gatna\u015fyklary\u0148, hususan-da Gruzi\u00fdany\u0148 Prem\u00fder-ministri Irakli Kobahidzeni\u0148 h\u00e4zirki wagtda T\u00fcrkmenistana amala a\u015fyr\u00fdan saparyny\u0148 d\u00f6wletara gatna\u015fyklary \u00f6sd\u00fcrmekde m\u00f6h\u00fcm orny e\u00fdele\u00fd\u00e4ndigini nygtadylar. Ministrler iki \u00fdurdu\u0148 [&hellip;]<\/p>\n","protected":false},"author":2,"featured_media":128795,"comment_status":"open","ping_status":"closed","sticky":false,"template":"","format":"standard","meta":{"footnotes":""},"categories":[3],"tags":[],"acf":[],"_links":{"self":[{"href":"https:\/\/zamanturkmenistan.com.tm\/index.php?rest_route=\/wp\/v2\/posts\/128794"}],"collection":[{"href":"https:\/\/zamanturkmenistan.com.tm\/index.php?rest_route=\/wp\/v2\/posts"}],"about":[{"href":"https:\/\/zamanturkmenistan.com.tm\/index.php?rest_route=\/wp\/v2\/types\/post"}],"author":[{"embeddable":true,"href":"https:\/\/zamanturkmenistan.com.tm\/index.php?rest_route=\/wp\/v2\/users\/2"}],"replies":[{"embeddable":true,"href":"https:\/\/zamanturkmenistan.com.tm\/index.php?rest_route=%2Fwp%2Fv2%2Fcomments&post=128794"}],"version-history":[{"count":1,"href":"https:\/\/zamanturkmenistan.com.tm\/index.php?rest_route=\/wp\/v2\/posts\/128794\/revisions"}],"predecessor-version":[{"id":128796,"href":"https:\/\/zamanturkmenistan.com.tm\/index.php?rest_route=\/wp\/v2\/posts\/128794\/revisions\/128796"}],"wp:featuredmedia":[{"embeddable":true,"href":"https:\/\/zamanturkmenistan.com.tm\/index.php?rest_route=\/wp\/v2\/media\/128795"}],"wp:attachment":[{"href":"https:\/\/zamanturkmenistan.com.tm\/index.php?rest_route=%2Fwp%2Fv2%2Fmedia&parent=128794"}],"wp:term":[{"taxonomy":"category","embeddable":true,"href":"https:\/\/zamanturkmenistan.com.tm\/index.php?rest_route=%2Fwp%2Fv2%2Fcategories&post=128794"},{"taxonomy":"post_tag","embeddable":true,"href":"https:\/\/zamanturkmenistan.com.tm\/index.php?rest_route=%2Fwp%2Fv2%2Ftags&post=128794"}],"curies":[{"name":"wp","href":"https:\/\/api.w.org\/{rel}","templated":true}]}}