{"id":128797,"date":"2025-03-08T13:38:20","date_gmt":"2025-03-08T08:38:20","guid":{"rendered":"https:\/\/zamanturkmenistan.com.tm\/?p=128797"},"modified":"2025-03-08T13:38:20","modified_gmt":"2025-03-08T08:38:20","slug":"yb-nin-dasary-isler-we-howpsuzlyk-syyasaty-boyunca-yokary-wekili-bilen-telefon-arkaly-sohbetdeslik-gecirildi","status":"publish","type":"post","link":"https:\/\/zamanturkmenistan.com.tm\/?p=128797","title":{"rendered":"\u00ddB-ni\u0148 Da\u015fary i\u015fler we howpsuzlyk sy\u00fdasaty bo\u00fdun\u00e7a \u00ddokary wekili bilen telefon arkaly s\u00f6hbetde\u015flik ge\u00e7irildi"},"content":{"rendered":"<p>7-nji martda T\u00fcrkmenistany\u0148 Ministrler Kabinetini\u0148 Ba\u015flygyny\u0148 Orunbasary, Da\u015fary i\u015fler ministri Ra\u015fid Meredow bilen \u00ddewropa Bilele\u015figini\u0148 Da\u015fary i\u015fler we howpsuzlyk sy\u00fdasaty bo\u00fdun\u00e7a \u00ddokary wekili, \u00ddewropa Komissi\u00fdasyny\u0148 Wise-prezidenti Ka\u00fda Kallasy\u0148 arasynda telefon arkaly s\u00f6hbetde\u015flik ge\u00e7irildi.<br \/>\nS\u00f6hbetde\u015fligi\u0148 dowamynda taraplar T\u00fcrkmenistan bilen \u00ddewropa Bilele\u015figini\u0148 arasyndaky hyzmatda\u015flygy\u0148 birn\u00e4\u00e7e meselelerini ara alyp maslahatla\u015fdylar.<br \/>\nDa\u015fary sy\u00fdasat edaralaryny\u0148 \u00fdolba\u015f\u00e7ylary \u00abMerkezi Azi\u00fda \u2013 \u00ddewropa Bilele\u015figi\u00bb formatyny\u0148 \u00e7\u00e4gind\u00e4ki hyzmatda\u015flygy gi\u0148eltm\u00e4ge a\u00fdratyn \u00fcns berdiler.<br \/>\n\u015ee\u00fdle hem taraplar \u00fdakynda ge\u00e7irilmegi me\u00fdille\u015fdiril\u00fd\u00e4n \u00fdokary we i\u0148 \u00fdokary derejelerd\u00e4ki du\u015fu\u015fyklar bo\u00fdun\u00e7a pikir aly\u015fdylar.<\/p>\n","protected":false},"excerpt":{"rendered":"<p>7-nji martda T\u00fcrkmenistany\u0148 Ministrler Kabinetini\u0148 Ba\u015flygyny\u0148 Orunbasary, Da\u015fary i\u015fler ministri Ra\u015fid Meredow bilen \u00ddewropa Bilele\u015figini\u0148 Da\u015fary i\u015fler we howpsuzlyk sy\u00fdasaty bo\u00fdun\u00e7a \u00ddokary wekili, \u00ddewropa Komissi\u00fdasyny\u0148 Wise-prezidenti Ka\u00fda Kallasy\u0148 arasynda telefon arkaly s\u00f6hbetde\u015flik ge\u00e7irildi. S\u00f6hbetde\u015fligi\u0148 dowamynda taraplar T\u00fcrkmenistan bilen \u00ddewropa Bilele\u015figini\u0148 arasyndaky hyzmatda\u015flygy\u0148 birn\u00e4\u00e7e meselelerini ara alyp maslahatla\u015fdylar. Da\u015fary sy\u00fdasat edaralaryny\u0148 \u00fdolba\u015f\u00e7ylary \u00abMerkezi Azi\u00fda \u2013 \u00ddewropa [&hellip;]<\/p>\n","protected":false},"author":2,"featured_media":106960,"comment_status":"open","ping_status":"closed","sticky":false,"template":"","format":"standard","meta":{"footnotes":""},"categories":[3],"tags":[],"acf":[],"_links":{"self":[{"href":"https:\/\/zamanturkmenistan.com.tm\/index.php?rest_route=\/wp\/v2\/posts\/128797"}],"collection":[{"href":"https:\/\/zamanturkmenistan.com.tm\/index.php?rest_route=\/wp\/v2\/posts"}],"about":[{"href":"https:\/\/zamanturkmenistan.com.tm\/index.php?rest_route=\/wp\/v2\/types\/post"}],"author":[{"embeddable":true,"href":"https:\/\/zamanturkmenistan.com.tm\/index.php?rest_route=\/wp\/v2\/users\/2"}],"replies":[{"embeddable":true,"href":"https:\/\/zamanturkmenistan.com.tm\/index.php?rest_route=%2Fwp%2Fv2%2Fcomments&post=128797"}],"version-history":[{"count":1,"href":"https:\/\/zamanturkmenistan.com.tm\/index.php?rest_route=\/wp\/v2\/posts\/128797\/revisions"}],"predecessor-version":[{"id":128798,"href":"https:\/\/zamanturkmenistan.com.tm\/index.php?rest_route=\/wp\/v2\/posts\/128797\/revisions\/128798"}],"wp:featuredmedia":[{"embeddable":true,"href":"https:\/\/zamanturkmenistan.com.tm\/index.php?rest_route=\/wp\/v2\/media\/106960"}],"wp:attachment":[{"href":"https:\/\/zamanturkmenistan.com.tm\/index.php?rest_route=%2Fwp%2Fv2%2Fmedia&parent=128797"}],"wp:term":[{"taxonomy":"category","embeddable":true,"href":"https:\/\/zamanturkmenistan.com.tm\/index.php?rest_route=%2Fwp%2Fv2%2Fcategories&post=128797"},{"taxonomy":"post_tag","embeddable":true,"href":"https:\/\/zamanturkmenistan.com.tm\/index.php?rest_route=%2Fwp%2Fv2%2Ftags&post=128797"}],"curies":[{"name":"wp","href":"https:\/\/api.w.org\/{rel}","templated":true}]}}