{"id":128819,"date":"2025-03-09T18:02:39","date_gmt":"2025-03-09T13:02:39","guid":{"rendered":"https:\/\/zamanturkmenistan.com.tm\/?p=128819"},"modified":"2025-03-09T18:02:39","modified_gmt":"2025-03-09T13:02:39","slug":"yb-merkezi-aziya-sammiti-geciriler","status":"publish","type":"post","link":"https:\/\/zamanturkmenistan.com.tm\/?p=128819","title":{"rendered":"\u00ddB &#8211; Merkezi Azi\u00fda sammiti ge\u00e7iriler"},"content":{"rendered":"<p>\u00ddewropa Ge\u0148e\u015fini\u0148 ba\u015flygy Antonio Ko\u015fta we \u00ddewropa Komissi\u00fdasyny\u0148 ba\u015flygy Ursula fon der L\u00fda\u00fden 3-4-nji aprelde \u00ddewropa Bilele\u015figi &#8211; Merkezi Azi\u00fda sammitine gatna\u015fmak \u00fc\u00e7in \u00d6zbegistana sapar ederler.<br \/>\nForum Gazagystany\u0148, Gyrgyzystany\u0148, T\u00e4jigistany\u0148 we T\u00fcrkmenistany\u0148 Liderlerini\u0148 gatna\u015fmagynda \u00d6zbegistany\u0148 Prezidenti \u015eawkat Mirzi\u00fdo\u00fdew ba\u015flyklygynda ge\u00e7iriler. Sammit \u00ddewropa Bilele\u015figi \u00fc\u00e7in ikitarapla\u00fdyn gatna\u015fyklary \u00e7u\u0148la\u015fdyrmak we Merkezi Azi\u00fda bilen sebitle\u00fdin hyzmatda\u015flygy gi\u0148eltmek baradaky geosy\u00fdasy gyzyklanmasyny tassyklamak \u00fc\u00e7in m\u00f6h\u00fcm pursat bolar. \u00c7alt \u00fc\u00fdtge\u00fd\u00e4n d\u00fcn\u00fd\u00e4 tertibini\u0148 \u015fertlerinde \u00ddewropa Bilele\u015figi bilen sebitd\u00e4ki d\u00f6wletleri\u0148 arasyndaky hyzmatda\u015flyk a\u00fdratyn strategiki \u00e4hmi\u00fdete e\u00fde bol\u00fdar.<br \/>\n-Biz hyzmatda\u015flygy berkitmekde parahat\u00e7ylygy\u0148 we abadan\u00e7ylygy\u0148 \u00fdeke-t\u00e4k \u00fdoluna \u00f6wr\u00fcl\u00fd\u00e4n kyn d\u00f6wr\u00fcnde \u00fda\u015fa\u00fdarys. K\u00f6p pol\u00fdarly d\u00fcn\u00fd\u00e4de has i\u015fje\u0148 we maksada okgunly hyzmatda\u015flyk etmek zerurdyr. Ilkinji \u00ddB-Merkezi Azi\u00fda sammiti, halkara hukugyny\u0148 umumy ykrar edilen \u00fd\u00f6relgelerine la\u00fdyklykda, durnuklylyk, howpsuzlyk we durnukly \u00f6s\u00fc\u015fi\u0148 hatyrasyna bilelikde i\u015flem\u00e4ge ygrarlydygymyzy tassyklar \u2013 di\u00fdip, Antoniu Ko\u015fta belledi.<br \/>\nSammiti\u0148 dowamynda \u00ddewropa Bilele\u015figi sebiti\u0148 i\u00e7inde, \u015fe\u00fdle-de \u00ddewropa Bilele\u015figi bilen ulag ge\u00e7elgelerini we sanly aragatna\u015fygy \u00f6sd\u00fcrmek, strategik ta\u00fddan m\u00f6h\u00fcm \u00e7ig mal bilen \u00fcpj\u00fcn edilmegini \u00fcpj\u00fcn etmek, ykdysady hyzmatda\u015flygy we howpsuzlygy g\u00fc\u00fd\u00e7lendirmek, \u015fe\u00fdle hem ekologik ta\u00fddan arassa we t\u00e4sirli energi\u00fda \u00e7e\u015fmelerine ge\u00e7mek \u00fdaly \u00f6zara gyzyklanma bildiril\u00fd\u00e4n esasy ugurlardaky hyzmatda\u015flygy gi\u0148eltmek baradaky tagallalaryny tassyklar.<br \/>\nSo\u0148ky \u00fdyllarda \u00ddewropa Bilele\u015fgini\u0148 Merkezi Azi\u00fda bilen gatna\u015fygy \u00fdokary derejede ep-esli i\u015fje\u0148le\u015fdi. Sebit \u00fdolba\u015f\u00e7ylaryny\u0148 we \u00ddewropa Bilele\u015figini\u0148 wekillerini\u0148 du\u015fu\u015fyklary 2022-nji \u00fdyly\u0148 okt\u00fdabr a\u00fdynda we 2023-nji \u00fdyly\u0148 i\u00fdun a\u00fdynda Gyrgyzystanda ge\u00e7irildi. Mundan ba\u015fga-da, birn\u00e4\u00e7e ministrlik derejesind\u00e4ki ge\u0148e\u015fler ge\u00e7irildi, olary\u0148 i\u0148 so\u0148kusy 2023-nji \u00fdylda L\u00fduksemburgda bolup ge\u00e7di we hyzmatda\u015flygy \u00e7u\u0148la\u015fdyrmak bo\u00fdun\u00e7a bilelikd\u00e4ki \u00fdol kartasyny\u0148 kabul edilmegi bilen tamamlandy. Resminama sebitara geple\u015fikleri gi\u0148eltmek bo\u00fdun\u00e7a anyk \u00e4dimleri, \u015fol sanda sammit ge\u00e7irmek baradaky bor\u00e7namany g\u00f6rkez\u00fd\u00e4r.<br \/>\n\u00ddatlap ge\u00e7sek, 4-nji martda A\u015fgabatda \u201c\u00ddB \u2013 Merkezi Azi\u00fda\u201d sammitine ta\u00fd\u00fdarlyk meselelerine bagy\u015flanan 20-nji ministrler du\u015fu\u015fygy ge\u00e7irildi.<br \/>\n2019-njy \u00fdylda kabul edilen \u00ddewropa Bilele\u015figini\u0148 Merkezi Azi\u00fda bo\u00fdun\u00e7a strategi\u00fdasy, sebiti\u0148 \u00ddewropa Bilele\u015figi \u00fc\u00e7in barha art\u00fdan strategik \u00e4hmi\u00fdetini g\u00f6rkez\u00fd\u00e4r we so\u0148ky \u00fdyllarda d\u00f6wletara hyzmatda\u015flygyny\u0148 o\u0148yn \u00fc\u00fdtge\u015fmelerine esaslan\u00fdar. Strategi\u00fdany\u0148 esasy maksady, durnukly, g\u00fcll\u00e4p \u00f6s\u00fd\u00e4n we birek-birege bagly ykdysady we sy\u00fdasy gi\u0148i\u015flik h\u00f6km\u00fcnde sebiti\u0148 \u00f6s\u00fc\u015fine go\u015fant go\u015fjak g\u00fc\u00fd\u00e7li, d\u00f6wrebap we inkl\u00fduziw hyzmatda\u015flygy gurmakdyr. Ikitarapla\u00fdyn gatna\u015fyklary has-da pugtalandyrmak maksady bilen \u00ddewropa Bilele\u015figi \u00e4hli Merkezi Azi\u00fda \u00fdurtlary bilen hyzmatda\u015flyk \u015fertnamalaryny bagla\u015fdy.<\/p>\n","protected":false},"excerpt":{"rendered":"<p>\u00ddewropa Ge\u0148e\u015fini\u0148 ba\u015flygy Antonio Ko\u015fta we \u00ddewropa Komissi\u00fdasyny\u0148 ba\u015flygy Ursula fon der L\u00fda\u00fden 3-4-nji aprelde \u00ddewropa Bilele\u015figi &#8211; Merkezi Azi\u00fda sammitine gatna\u015fmak \u00fc\u00e7in \u00d6zbegistana sapar ederler. Forum Gazagystany\u0148, Gyrgyzystany\u0148, T\u00e4jigistany\u0148 we T\u00fcrkmenistany\u0148 Liderlerini\u0148 gatna\u015fmagynda \u00d6zbegistany\u0148 Prezidenti \u015eawkat Mirzi\u00fdo\u00fdew ba\u015flyklygynda ge\u00e7iriler. Sammit \u00ddewropa Bilele\u015figi \u00fc\u00e7in ikitarapla\u00fdyn gatna\u015fyklary \u00e7u\u0148la\u015fdyrmak we Merkezi Azi\u00fda bilen sebitle\u00fdin hyzmatda\u015flygy gi\u0148eltmek baradaky [&hellip;]<\/p>\n","protected":false},"author":2,"featured_media":128820,"comment_status":"open","ping_status":"closed","sticky":false,"template":"","format":"standard","meta":{"footnotes":""},"categories":[5],"tags":[],"acf":[],"_links":{"self":[{"href":"https:\/\/zamanturkmenistan.com.tm\/index.php?rest_route=\/wp\/v2\/posts\/128819"}],"collection":[{"href":"https:\/\/zamanturkmenistan.com.tm\/index.php?rest_route=\/wp\/v2\/posts"}],"about":[{"href":"https:\/\/zamanturkmenistan.com.tm\/index.php?rest_route=\/wp\/v2\/types\/post"}],"author":[{"embeddable":true,"href":"https:\/\/zamanturkmenistan.com.tm\/index.php?rest_route=\/wp\/v2\/users\/2"}],"replies":[{"embeddable":true,"href":"https:\/\/zamanturkmenistan.com.tm\/index.php?rest_route=%2Fwp%2Fv2%2Fcomments&post=128819"}],"version-history":[{"count":1,"href":"https:\/\/zamanturkmenistan.com.tm\/index.php?rest_route=\/wp\/v2\/posts\/128819\/revisions"}],"predecessor-version":[{"id":128821,"href":"https:\/\/zamanturkmenistan.com.tm\/index.php?rest_route=\/wp\/v2\/posts\/128819\/revisions\/128821"}],"wp:featuredmedia":[{"embeddable":true,"href":"https:\/\/zamanturkmenistan.com.tm\/index.php?rest_route=\/wp\/v2\/media\/128820"}],"wp:attachment":[{"href":"https:\/\/zamanturkmenistan.com.tm\/index.php?rest_route=%2Fwp%2Fv2%2Fmedia&parent=128819"}],"wp:term":[{"taxonomy":"category","embeddable":true,"href":"https:\/\/zamanturkmenistan.com.tm\/index.php?rest_route=%2Fwp%2Fv2%2Fcategories&post=128819"},{"taxonomy":"post_tag","embeddable":true,"href":"https:\/\/zamanturkmenistan.com.tm\/index.php?rest_route=%2Fwp%2Fv2%2Ftags&post=128819"}],"curies":[{"name":"wp","href":"https:\/\/api.w.org\/{rel}","templated":true}]}}