{"id":129494,"date":"2025-03-15T09:55:57","date_gmt":"2025-03-15T04:55:57","guid":{"rendered":"https:\/\/zamanturkmenistan.com.tm\/?p=129494"},"modified":"2025-03-15T09:55:57","modified_gmt":"2025-03-15T04:55:57","slug":"ekspo-2025-butindunya-sergisinde-geciriljek-carelerin-sanawy-islenip-tayyarlandy","status":"publish","type":"post","link":"https:\/\/zamanturkmenistan.com.tm\/?p=129494","title":{"rendered":"\u201cEKSPO \u2014 2025\u201d B\u00fctind\u00fcn\u00fd\u00e4 sergisinde ge\u00e7iriljek \u00e7\u00e4releri\u0148 sanawy i\u015flenip ta\u00fd\u00fdarlandy"},"content":{"rendered":"<p>14-nji martda ge\u00e7irilen sanly ulgam arkaly Ministrler Kabinetini\u0148 mejlisinde Ministrler Kabinetini\u0148 Ba\u015flygyny\u0148 orunbasary N.Ataguly\u00fdew \u00ddaponi\u00fdany\u0148 Osaka \u015f\u00e4herinde ge\u00e7iriljek \u201cEKSPO \u2014 2025\u201d B\u00fctind\u00fcn\u00fd\u00e4 sergisine T\u00fcrkmenistany\u0148 \u00fdokary derejede gatna\u015fmagyny \u00fcpj\u00fcn etmek bo\u00fdun\u00e7a alnyp baryl\u00fdan ta\u00fd\u00fdarlyk i\u015fleri barada hasabat berdi. Bellenili\u015fi \u00fdaly, T\u00fcrkmenistany\u0148 milli pawil\u00fdonynda Gahryman Arkadagymyzy\u0148 ba\u015flangy\u00e7laryny \u00fcst\u00fcnlikli durmu\u015fa ge\u00e7ir\u00fd\u00e4n hormatly Prezidentimizi\u0148 \u00f6zgertmeler sy\u00fdasaty netijesinde \u00fdurdumyzda gazanyl\u00fdan \u00f6s\u00fc\u015fler, \u00fdetilen belent sepgitler gi\u0148den be\u00fdan ediler. \u015eunu\u0148 bilen baglylykda, wise-prem\u00fder \u00fdurdumyzy\u0148 B\u00fctind\u00fcn\u00fd\u00e4 sergisine gatna\u015fmagyny\u0148 \u00e7\u00e4klerinde ge\u00e7irilmegi teklip edil\u00fd\u00e4n \u00e7\u00e4releri\u0148 sanawyny\u0148 i\u015flenip ta\u00fd\u00fdarlanylandygyny a\u00fdtdy we d\u00f6wlet Ba\u015ftutanymyzy\u0148 garamagyna degi\u015fli teklibi h\u00f6d\u00fcrledi.<br \/>\nHormatly Prezidentimiz hasabaty di\u0148l\u00e4p, d\u00fcn\u00fd\u00e4 d\u00f6wletleri bilen s\u00f6wda-ykdysady gatna\u015fyklary\u0148 yzygiderli \u00f6sd\u00fcril\u00fd\u00e4ndigini a\u00fdtdy. \u015eunu\u0148 bilen baglylykda, d\u00f6wlet Ba\u015ftutanymyz \u00ddaponi\u00fdany\u0148 Osaka \u015f\u00e4herinde ge\u00e7iriljek \u00abEKSPO \u2014 2025\u00bb B\u00fctind\u00fcn\u00fd\u00e4 sergisine gowy ta\u00fd\u00fdarlyk g\u00f6rmegi\u0148 wajypdygyny nygtady we bu ugurda ta\u00fd\u00fdarlanan teklibi goldap, wise-prem\u00fdere degi\u015fli i\u015fleri ge\u00e7irmegi tab\u015fyrdy.<\/p>\n","protected":false},"excerpt":{"rendered":"<p>14-nji martda ge\u00e7irilen sanly ulgam arkaly Ministrler Kabinetini\u0148 mejlisinde Ministrler Kabinetini\u0148 Ba\u015flygyny\u0148 orunbasary N.Ataguly\u00fdew \u00ddaponi\u00fdany\u0148 Osaka \u015f\u00e4herinde ge\u00e7iriljek \u201cEKSPO \u2014 2025\u201d B\u00fctind\u00fcn\u00fd\u00e4 sergisine T\u00fcrkmenistany\u0148 \u00fdokary derejede gatna\u015fmagyny \u00fcpj\u00fcn etmek bo\u00fdun\u00e7a alnyp baryl\u00fdan ta\u00fd\u00fdarlyk i\u015fleri barada hasabat berdi. Bellenili\u015fi \u00fdaly, T\u00fcrkmenistany\u0148 milli pawil\u00fdonynda Gahryman Arkadagymyzy\u0148 ba\u015flangy\u00e7laryny \u00fcst\u00fcnlikli durmu\u015fa ge\u00e7ir\u00fd\u00e4n hormatly Prezidentimizi\u0148 \u00f6zgertmeler sy\u00fdasaty netijesinde \u00fdurdumyzda gazanyl\u00fdan [&hellip;]<\/p>\n","protected":false},"author":2,"featured_media":127323,"comment_status":"open","ping_status":"closed","sticky":false,"template":"","format":"standard","meta":{"footnotes":""},"categories":[3],"tags":[],"acf":[],"_links":{"self":[{"href":"https:\/\/zamanturkmenistan.com.tm\/index.php?rest_route=\/wp\/v2\/posts\/129494"}],"collection":[{"href":"https:\/\/zamanturkmenistan.com.tm\/index.php?rest_route=\/wp\/v2\/posts"}],"about":[{"href":"https:\/\/zamanturkmenistan.com.tm\/index.php?rest_route=\/wp\/v2\/types\/post"}],"author":[{"embeddable":true,"href":"https:\/\/zamanturkmenistan.com.tm\/index.php?rest_route=\/wp\/v2\/users\/2"}],"replies":[{"embeddable":true,"href":"https:\/\/zamanturkmenistan.com.tm\/index.php?rest_route=%2Fwp%2Fv2%2Fcomments&post=129494"}],"version-history":[{"count":1,"href":"https:\/\/zamanturkmenistan.com.tm\/index.php?rest_route=\/wp\/v2\/posts\/129494\/revisions"}],"predecessor-version":[{"id":129495,"href":"https:\/\/zamanturkmenistan.com.tm\/index.php?rest_route=\/wp\/v2\/posts\/129494\/revisions\/129495"}],"wp:featuredmedia":[{"embeddable":true,"href":"https:\/\/zamanturkmenistan.com.tm\/index.php?rest_route=\/wp\/v2\/media\/127323"}],"wp:attachment":[{"href":"https:\/\/zamanturkmenistan.com.tm\/index.php?rest_route=%2Fwp%2Fv2%2Fmedia&parent=129494"}],"wp:term":[{"taxonomy":"category","embeddable":true,"href":"https:\/\/zamanturkmenistan.com.tm\/index.php?rest_route=%2Fwp%2Fv2%2Fcategories&post=129494"},{"taxonomy":"post_tag","embeddable":true,"href":"https:\/\/zamanturkmenistan.com.tm\/index.php?rest_route=%2Fwp%2Fv2%2Ftags&post=129494"}],"curies":[{"name":"wp","href":"https:\/\/api.w.org\/{rel}","templated":true}]}}