{"id":129572,"date":"2025-03-17T13:24:04","date_gmt":"2025-03-17T08:24:04","guid":{"rendered":"https:\/\/zamanturkmenistan.com.tm\/?p=129572"},"modified":"2025-03-17T13:24:04","modified_gmt":"2025-03-17T08:24:04","slug":"mark-karni-kasam-kabul-etdi","status":"publish","type":"post","link":"https:\/\/zamanturkmenistan.com.tm\/?p=129572","title":{"rendered":"Mark Karni kasam kabul etdi"},"content":{"rendered":"<p>Kanadany\u0148 dolandyryjy Liberal parti\u00fdasyny\u0148 t\u00e4ze lideri Mark Karni \u00fdurdu\u0148 24-nji Prem\u00fder-ministri h\u00f6km\u00fcnde kasam kabul edenden so\u0148. Ministrler Kabinetini\u0148 t\u00e4ze sa\u00fdlanan agzalaryny tassyklady. Indiki parlament sa\u00fdlawlaryna \u00e7enli 24 adamdan ybarat t\u00e4ze h\u00f6k\u00fcmeti\u0148 d\u00fcz\u00fcmi Kanada bilen AB\u015e-ny\u0148 arasyndaky gatna\u015fyklara g\u00f6zeg\u00e7ilik etmekde esasy wezipeleri e\u00fdel\u00e4n m\u00f6h\u00fcm ministrleri \u00f6z i\u00e7ine al\u00fdar.<br \/>\nMelani \u017doli da\u015fary i\u015fler ministri bolmagynda gal\u00fdar we \u00f6\u0148ki mali\u00fde ministri Dominik Leblan t\u00e4ze halkara s\u00f6wda ministri h\u00f6km\u00fcnde Kanada-AB\u015e gatna\u015fyklaryny\u0148 \u00fcst\u00fcnde i\u015flemegini dowam etdirer. Onu\u0148 \u00fderine innowasi\u00fda, ylym we senagat ministri Fransua-Filipp \u015eampan ge\u00e7di.<br \/>\nMark Karni\u00fd 9-njy martda Liberal parti\u00fdany\u0148 ba\u015flygyny\u0148 sa\u00fdlawlarynda gutarnykly \u00fde\u0148i\u015f gazanyp, Jastin Tr\u00fdudony\u0148 ornuna ge\u00e7di. Jastin Tr\u00fdudo Liberal parti\u00fdany\u0148 t\u00e4ze ba\u015flygy Mark Karnini\u0148 kasam kabul edi\u015f dabarasyndan \u00f6\u0148 Kanadany\u0148 gubernatory Meri Simona i\u015finden \u00e7ekil\u00fd\u00e4ndigi barada resmi ta\u00fddan arza berdi. Mark Karni \u00fdakyn wagtda Parlament sa\u00fdlawlaryny\u0148 ge\u00e7iriljek senesini m\u00e4lim edenden so\u0148, \u00fdurdu\u0148 ra\u00fdatlary aprel a\u00fdyny\u0148 ahyrynda \u00fda-da ma\u00fd a\u00fdyny\u0148 ba\u015fynda ses berip bilerler.<br \/>\nKanada Demirgazyk Amerikada \u00fderle\u015f\u00fd\u00e4n d\u00f6wlet bolup, ilaty 41 milliondan gowrak. D\u00fcn\u00fd\u00e4ni\u0148 i\u0148 uzyn kenar \u00fdakasy bolan bu \u00fdurt Atlantik, \u00dduwa\u015f ummany we Arktika ummanlary bilen \u00fduwul\u00fdar. AB\u015e bilen g\u00fcnorta we demirgazyk-g\u00fcnbatarda (Al\u00fdaska) we demirgazyk-g\u00fcndogarda Dani\u00fda (Hans adasy) bilen serhetle\u015f\u00fd\u00e4r we g\u00fcndogarda Fransi\u00fda bilen de\u0148iz ara\u00e7\u00e4gi bar.<\/p>\n","protected":false},"excerpt":{"rendered":"<p>Kanadany\u0148 dolandyryjy Liberal parti\u00fdasyny\u0148 t\u00e4ze lideri Mark Karni \u00fdurdu\u0148 24-nji Prem\u00fder-ministri h\u00f6km\u00fcnde kasam kabul edenden so\u0148. Ministrler Kabinetini\u0148 t\u00e4ze sa\u00fdlanan agzalaryny tassyklady. Indiki parlament sa\u00fdlawlaryna \u00e7enli 24 adamdan ybarat t\u00e4ze h\u00f6k\u00fcmeti\u0148 d\u00fcz\u00fcmi Kanada bilen AB\u015e-ny\u0148 arasyndaky gatna\u015fyklara g\u00f6zeg\u00e7ilik etmekde esasy wezipeleri e\u00fdel\u00e4n m\u00f6h\u00fcm ministrleri \u00f6z i\u00e7ine al\u00fdar. Melani \u017doli da\u015fary i\u015fler ministri bolmagynda gal\u00fdar we [&hellip;]<\/p>\n","protected":false},"author":2,"featured_media":0,"comment_status":"open","ping_status":"closed","sticky":false,"template":"","format":"standard","meta":{"footnotes":""},"categories":[5],"tags":[],"acf":[],"_links":{"self":[{"href":"https:\/\/zamanturkmenistan.com.tm\/index.php?rest_route=\/wp\/v2\/posts\/129572"}],"collection":[{"href":"https:\/\/zamanturkmenistan.com.tm\/index.php?rest_route=\/wp\/v2\/posts"}],"about":[{"href":"https:\/\/zamanturkmenistan.com.tm\/index.php?rest_route=\/wp\/v2\/types\/post"}],"author":[{"embeddable":true,"href":"https:\/\/zamanturkmenistan.com.tm\/index.php?rest_route=\/wp\/v2\/users\/2"}],"replies":[{"embeddable":true,"href":"https:\/\/zamanturkmenistan.com.tm\/index.php?rest_route=%2Fwp%2Fv2%2Fcomments&post=129572"}],"version-history":[{"count":1,"href":"https:\/\/zamanturkmenistan.com.tm\/index.php?rest_route=\/wp\/v2\/posts\/129572\/revisions"}],"predecessor-version":[{"id":129573,"href":"https:\/\/zamanturkmenistan.com.tm\/index.php?rest_route=\/wp\/v2\/posts\/129572\/revisions\/129573"}],"wp:attachment":[{"href":"https:\/\/zamanturkmenistan.com.tm\/index.php?rest_route=%2Fwp%2Fv2%2Fmedia&parent=129572"}],"wp:term":[{"taxonomy":"category","embeddable":true,"href":"https:\/\/zamanturkmenistan.com.tm\/index.php?rest_route=%2Fwp%2Fv2%2Fcategories&post=129572"},{"taxonomy":"post_tag","embeddable":true,"href":"https:\/\/zamanturkmenistan.com.tm\/index.php?rest_route=%2Fwp%2Fv2%2Ftags&post=129572"}],"curies":[{"name":"wp","href":"https:\/\/api.w.org\/{rel}","templated":true}]}}