{"id":129983,"date":"2025-03-23T18:31:05","date_gmt":"2025-03-23T13:31:05","guid":{"rendered":"https:\/\/zamanturkmenistan.com.tm\/?p=129983"},"modified":"2025-03-23T18:31:05","modified_gmt":"2025-03-23T13:31:05","slug":"yurdumyzda-ahlihalk-bag-ekmek-dabarasy-gecirildi","status":"publish","type":"post","link":"https:\/\/zamanturkmenistan.com.tm\/?p=129983","title":{"rendered":"\u00ddurdumyzda \u00e4hlihalk bag ekmek dabarasy ge\u00e7irildi"},"content":{"rendered":"<p>22-nji martda \u00fdurdumyzda hormatly Prezidentimiz Serdar Berdimuhamedowy\u0148 gatna\u015fmagynda \u00e4hlihalk bag ekmek dabarasy ge\u00e7irildi.<br \/>\n\u015eu g\u00fcnki dabara gatna\u015fyjylary\u0148 hatarynda Mejlisi\u0148 Ba\u015flygy, Ministrler Kabinetini\u0148 Ba\u015flygyny\u0148 orunbasarlary, harby we hukuk gora\u00fdjy edaralary\u0148, ministrlikleri\u0148, pudakla\u00fdyn dolandyry\u015f edaralaryny\u0148, da\u015fary d\u00f6wletleri\u0148 we halkara guramalary\u0148 \u00fdurdumyzdaky wekilhanalaryny\u0148 \u00fdolba\u015f\u00e7ylary hem-de wekilleri, \u015fe\u00fdle halk k\u00f6p\u00e7\u00fcligi bar.<br \/>\nT\u00e4ze taryhy e\u00fd\u00fdamda t\u00fcrkmen halkyny\u0148 Milli Lideri, T\u00fcrkmenistany\u0148 Halk Maslahatyny\u0148 Ba\u015flygy Gahryman Arkadagymyzy\u0148 ekologi\u00fda abadan\u00e7ylygyny \u00fcpj\u00fcn etm\u00e4ge g\u00f6n\u00fckdirilen ba\u015flangy\u00e7lary hormatly Prezidentimizi\u0148 ba\u015ftutanlygynda \u00fcst\u00fcnlikli durmu\u015fa ge\u00e7iril\u00fd\u00e4r. \u015eunda \u00fdurdumyzdaky toka\u00fd zolaklaryny\u0148 \u00e7\u00e4klerini\u0148 gi\u0148eldilmegine we onu\u0148 tebigatyny\u0148 biologik k\u00f6pd\u00fcrliligini\u0148 goralyp saklanylmagyna m\u00f6h\u00fcm \u00e4hmi\u00fdet beril\u00fd\u00e4r.<br \/>\nD\u00f6wletimiz tarapyndan durmu\u015fa ge\u00e7iril\u00fd\u00e4n ekologi\u00fda sy\u00fdasaty geljekki nesiller \u00fc\u00e7in durnukly, arassa tebigy gur\u015fawy d\u00f6retmegi maksat edin\u00fd\u00e4r. Tebigaty goramak bilen baglany\u015fykly bu i\u015flere halkymyzy\u0148 gi\u0148den \u00e7ekilmegi bu sy\u00fdasaty\u0148 m\u00f6h\u00fcm ugrudyr. \u00c4hlihalk bag ekmek \u00e7\u00e4resi \u015fe\u00fdle asylly maksatlary amala a\u015fyrmaga hem-de jemgy\u00fdetimizde ekologi\u00fda medeni\u00fdetini kemala getirm\u00e4ge \u00fdardam ber\u00fd\u00e4r.<br \/>\nHormatly Prezidentimizi\u0148 alyp bar\u00fdan d\u00f6wlet sy\u00fdasatynda da\u015fky gur\u015fawy goramak bilen bagly meselelere a\u00fdratyn \u00fcns beril\u00fd\u00e4r. \u00ddurdumyzda ykdysady we durmu\u015f ulgamlarynda \u00fda\u00fdba\u0148landyrylan toplumla\u00fdyn \u00f6zgertmeler halkymyzy\u0148 abadan durmu\u015fyny\u0148 m\u00f6h\u00fcm \u015ferti h\u00f6km\u00fcnde ekologi\u00fda bilen a\u00fdrylmaz baglany\u015fyklydyr.<br \/>\n\u015eunu\u0148 bilen baglylykda, \u00abBerkarar d\u00f6wleti\u0148 t\u00e4ze e\u00fd\u00fdamyny\u0148 Galkyny\u015fy: T\u00fcrkmenistany 2022 \u2014 2052-nji \u00fdyllarda durmu\u015f-ykdysady ta\u00fddan \u00f6sd\u00fcrmegi\u0148 Milli maksatnamasyny\u0148\u00bb, \u015fe\u00fdle hem \u00abT\u00fcrkmenistany\u0148 Prezidentini\u0148 \u00fdurdumyzy 2022 \u2014 2028-nji \u00fdyllarda durmu\u015f-ykdysady ta\u00fddan \u00f6sd\u00fcrmegi\u0148 Maksatnamasyny\u0148\u00bb esasynda ata Watanymyzda arassa ekologi\u00fda gur\u015fawy d\u00f6retmek bo\u00fdun\u00e7a gi\u0148 gerimli i\u015fleri\u0148 alnyp baryl\u00fdandygyny bellemek gerek.<\/p>\n","protected":false},"excerpt":{"rendered":"<p>22-nji martda \u00fdurdumyzda hormatly Prezidentimiz Serdar Berdimuhamedowy\u0148 gatna\u015fmagynda \u00e4hlihalk bag ekmek dabarasy ge\u00e7irildi. \u015eu g\u00fcnki dabara gatna\u015fyjylary\u0148 hatarynda Mejlisi\u0148 Ba\u015flygy, Ministrler Kabinetini\u0148 Ba\u015flygyny\u0148 orunbasarlary, harby we hukuk gora\u00fdjy edaralary\u0148, ministrlikleri\u0148, pudakla\u00fdyn dolandyry\u015f edaralaryny\u0148, da\u015fary d\u00f6wletleri\u0148 we halkara guramalary\u0148 \u00fdurdumyzdaky wekilhanalaryny\u0148 \u00fdolba\u015f\u00e7ylary hem-de wekilleri, \u015fe\u00fdle halk k\u00f6p\u00e7\u00fcligi bar. T\u00e4ze taryhy e\u00fd\u00fdamda t\u00fcrkmen halkyny\u0148 Milli Lideri, T\u00fcrkmenistany\u0148 [&hellip;]<\/p>\n","protected":false},"author":2,"featured_media":129984,"comment_status":"open","ping_status":"closed","sticky":false,"template":"","format":"standard","meta":{"footnotes":""},"categories":[3],"tags":[],"acf":[],"_links":{"self":[{"href":"https:\/\/zamanturkmenistan.com.tm\/index.php?rest_route=\/wp\/v2\/posts\/129983"}],"collection":[{"href":"https:\/\/zamanturkmenistan.com.tm\/index.php?rest_route=\/wp\/v2\/posts"}],"about":[{"href":"https:\/\/zamanturkmenistan.com.tm\/index.php?rest_route=\/wp\/v2\/types\/post"}],"author":[{"embeddable":true,"href":"https:\/\/zamanturkmenistan.com.tm\/index.php?rest_route=\/wp\/v2\/users\/2"}],"replies":[{"embeddable":true,"href":"https:\/\/zamanturkmenistan.com.tm\/index.php?rest_route=%2Fwp%2Fv2%2Fcomments&post=129983"}],"version-history":[{"count":1,"href":"https:\/\/zamanturkmenistan.com.tm\/index.php?rest_route=\/wp\/v2\/posts\/129983\/revisions"}],"predecessor-version":[{"id":129985,"href":"https:\/\/zamanturkmenistan.com.tm\/index.php?rest_route=\/wp\/v2\/posts\/129983\/revisions\/129985"}],"wp:featuredmedia":[{"embeddable":true,"href":"https:\/\/zamanturkmenistan.com.tm\/index.php?rest_route=\/wp\/v2\/media\/129984"}],"wp:attachment":[{"href":"https:\/\/zamanturkmenistan.com.tm\/index.php?rest_route=%2Fwp%2Fv2%2Fmedia&parent=129983"}],"wp:term":[{"taxonomy":"category","embeddable":true,"href":"https:\/\/zamanturkmenistan.com.tm\/index.php?rest_route=%2Fwp%2Fv2%2Fcategories&post=129983"},{"taxonomy":"post_tag","embeddable":true,"href":"https:\/\/zamanturkmenistan.com.tm\/index.php?rest_route=%2Fwp%2Fv2%2Ftags&post=129983"}],"curies":[{"name":"wp","href":"https:\/\/api.w.org\/{rel}","templated":true}]}}