{"id":130000,"date":"2025-03-24T09:22:24","date_gmt":"2025-03-24T04:22:24","guid":{"rendered":"https:\/\/zamanturkmenistan.com.tm\/?p=130000"},"modified":"2025-03-24T09:22:24","modified_gmt":"2025-03-24T04:22:24","slug":"26-njy-martda-gowaca-ekisine-balga-berler","status":"publish","type":"post","link":"https:\/\/zamanturkmenistan.com.tm\/?p=130000","title":{"rendered":"26-njy martda gowa\u00e7a eki\u015fine balga berler"},"content":{"rendered":"<p>20-nji martda ge\u00e7irilen sanly ulgam arkaly Ministrler Kabinetini\u0148 mejlisinde d\u00f6wlet Ba\u015ftutanymyz gatna\u015fyjylara \u00fd\u00fczlenip, gowa\u00e7a eki\u015fi m\u00f6ws\u00fcmini\u0148 gola\u00fdlap gel\u00fd\u00e4ndigini, onu\u0148 pagta\u00e7y babada\u00fdhanlarymyzy\u0148 \u00f6\u0148\u00fcnde \u00f6r\u00e4n m\u00f6h\u00fcm wezipeleri go\u00fd\u00fdandygyny a\u00fdtdy. \u015eunu\u0148 bilen baglylykda, hormatly Prezidentimiz \u00fdurdumyzy\u0148 \u00e4hli wela\u00fdatlarynda 26-njy martda gowa\u00e7a eki\u015fine ba\u015flamaga ak pata berip, hormatly \u00fda\u015fulularymyzdan gowa\u00e7a eki\u015fine \u201cBismilla\u201d bilen ba\u015flap bermeklerini ha\u00fdy\u015f etdi we Di\u00fdarymyzy\u0148 edermen pagta\u00e7y babada\u00fdhanlaryna, \u00e4hli oba hojalyk i\u015fg\u00e4rlerine alyp bar\u00fdan i\u015flerinde uly \u00fcst\u00fcnlikleri arzuw etdi.<\/p>\n","protected":false},"excerpt":{"rendered":"<p>20-nji martda ge\u00e7irilen sanly ulgam arkaly Ministrler Kabinetini\u0148 mejlisinde d\u00f6wlet Ba\u015ftutanymyz gatna\u015fyjylara \u00fd\u00fczlenip, gowa\u00e7a eki\u015fi m\u00f6ws\u00fcmini\u0148 gola\u00fdlap gel\u00fd\u00e4ndigini, onu\u0148 pagta\u00e7y babada\u00fdhanlarymyzy\u0148 \u00f6\u0148\u00fcnde \u00f6r\u00e4n m\u00f6h\u00fcm wezipeleri go\u00fd\u00fdandygyny a\u00fdtdy. \u015eunu\u0148 bilen baglylykda, hormatly Prezidentimiz \u00fdurdumyzy\u0148 \u00e4hli wela\u00fdatlarynda 26-njy martda gowa\u00e7a eki\u015fine ba\u015flamaga ak pata berip, hormatly \u00fda\u015fulularymyzdan gowa\u00e7a eki\u015fine \u201cBismilla\u201d bilen ba\u015flap bermeklerini ha\u00fdy\u015f etdi we Di\u00fdarymyzy\u0148 [&hellip;]<\/p>\n","protected":false},"author":2,"featured_media":41032,"comment_status":"open","ping_status":"closed","sticky":false,"template":"","format":"standard","meta":{"footnotes":""},"categories":[3],"tags":[],"acf":[],"_links":{"self":[{"href":"https:\/\/zamanturkmenistan.com.tm\/index.php?rest_route=\/wp\/v2\/posts\/130000"}],"collection":[{"href":"https:\/\/zamanturkmenistan.com.tm\/index.php?rest_route=\/wp\/v2\/posts"}],"about":[{"href":"https:\/\/zamanturkmenistan.com.tm\/index.php?rest_route=\/wp\/v2\/types\/post"}],"author":[{"embeddable":true,"href":"https:\/\/zamanturkmenistan.com.tm\/index.php?rest_route=\/wp\/v2\/users\/2"}],"replies":[{"embeddable":true,"href":"https:\/\/zamanturkmenistan.com.tm\/index.php?rest_route=%2Fwp%2Fv2%2Fcomments&post=130000"}],"version-history":[{"count":1,"href":"https:\/\/zamanturkmenistan.com.tm\/index.php?rest_route=\/wp\/v2\/posts\/130000\/revisions"}],"predecessor-version":[{"id":130001,"href":"https:\/\/zamanturkmenistan.com.tm\/index.php?rest_route=\/wp\/v2\/posts\/130000\/revisions\/130001"}],"wp:featuredmedia":[{"embeddable":true,"href":"https:\/\/zamanturkmenistan.com.tm\/index.php?rest_route=\/wp\/v2\/media\/41032"}],"wp:attachment":[{"href":"https:\/\/zamanturkmenistan.com.tm\/index.php?rest_route=%2Fwp%2Fv2%2Fmedia&parent=130000"}],"wp:term":[{"taxonomy":"category","embeddable":true,"href":"https:\/\/zamanturkmenistan.com.tm\/index.php?rest_route=%2Fwp%2Fv2%2Fcategories&post=130000"},{"taxonomy":"post_tag","embeddable":true,"href":"https:\/\/zamanturkmenistan.com.tm\/index.php?rest_route=%2Fwp%2Fv2%2Ftags&post=130000"}],"curies":[{"name":"wp","href":"https:\/\/api.w.org\/{rel}","templated":true}]}}