{"id":130013,"date":"2025-03-24T09:54:24","date_gmt":"2025-03-24T04:54:24","guid":{"rendered":"https:\/\/zamanturkmenistan.com.tm\/?p=130013"},"modified":"2025-03-24T09:55:18","modified_gmt":"2025-03-24T04:55:18","slug":"arkadag-saherinde-parahatcylyk-we-ynanysmak-yyly-cagalaryn-hatyrasyna-halkara-isinin-osusi-atly-halkara-halkara-maslahat-geciriler","status":"publish","type":"post","link":"https:\/\/zamanturkmenistan.com.tm\/?p=130013","title":{"rendered":"Arkadag \u015f\u00e4herinde \u00abParahat\u00e7ylyk we ynany\u015fmak \u00fdyly: \u00e7agalary\u0148 hatyrasyna halkara i\u015fini\u0148 \u00f6s\u00fc\u015fi\u00bb atly maslahat ge\u00e7iriler"},"content":{"rendered":"<p>T\u00fcrkmen halkyny\u0148 Milli Lideri, T\u00fcrkmenistany\u0148 Halk Maslahatyny\u0148 Ba\u015flygy Gahryman Arkadagymyzy\u0148 parasatly ba\u015flangy\u00e7lary, ta\u00fdsyz tagallalary we bim\u00f6\u00e7ber goldawlary esasynda T\u00fcrkmenistanda ynsanperwer ugurda \u00e4girt uly i\u015fler amala a\u015fyryl\u00fdar. Bu ugurda eneligi we \u00e7agalygy goramagy\u0148 netijeli ulgamy d\u00f6redilip, \u00fda\u015f nesli\u0148 sazla\u015fykly \u00f6s\u00fc\u015fini \u00fcpj\u00fcn etmek, saglygyny berkitmek bo\u00fdun\u00e7a d\u00f6wlet maksatnamalary \u00fcst\u00fcnlikli durmu\u015fa ge\u00e7iril\u00fd\u00e4r. Bu asylly \u00fd\u00f6relgeden ugur alyp, Gurbanguly Berdimuhamedow adyndaky Howandarlyga m\u00e4t\u00e4\u00e7 \u00e7agalara hema\u00fdat bermek bo\u00fdun\u00e7a ha\u00fdyr-sahawat gaznasyny\u0148 alyp bar\u00fdan ynsanperwer i\u015flerini hem-de d\u00f6wletimizde amala a\u015fyryl\u00fdan ynsanperwer h\u00e4si\u00fdetli \u00e7\u00e4releri Halkara parahat\u00e7ylyk we ynany\u015fmak \u00fdylynda has-da dabaralandyrmak, T\u00fcrkmenistany\u0148 bu \u015fanly \u00fdyly\u0148 dowamyndaky ynsanperwer ugurly hem-de eneligi we \u00e7agalygy goramak barada amala a\u015fyr\u00fdan i\u015flerini d\u00fcn\u00fd\u00e4 jemgy\u00fdet\u00e7iligine wagyz etmek, bu ugurdaky netijeli hyzmatda\u015flygy \u00f6sd\u00fcrmek we pugtalandyrmak barada alnyp baryl\u00fdan i\u015fleri mundan be\u00fdl\u00e4k-de dowam etdirmek maksady bilen, T\u00fcrkmenistany\u0148 Prezidenti Karara gol \u00e7ekdi. Resminama la\u00fdyklykda, Gurbanguly Berdimuhamedow adyndaky Howandarlyga m\u00e4t\u00e4\u00e7 \u00e7agalara hema\u00fdat bermek bo\u00fdun\u00e7a ha\u00fdyr-sahawat gaznasyna Da\u015fary i\u015fler ministrligi, Arkadag \u015f\u00e4herini\u0148 h\u00e4kimligi bilen bilelikde Arkadag \u015f\u00e4herinde 2025-nji \u00fdyly\u0148 29-njy martynda \u00abParahat\u00e7ylyk we ynany\u015fmak \u00fdyly: \u00e7agalary\u0148 hatyrasyna halkara i\u015fini\u0148 \u00f6s\u00fc\u015fi\u00bb atly halkara maslahaty\u0148 \u00fdokary derejede we gurama\u00e7ylykly ge\u00e7irilmegini \u00fcpj\u00fcn etmek tab\u015fyryldy.<\/p>\n","protected":false},"excerpt":{"rendered":"<p>T\u00fcrkmen halkyny\u0148 Milli Lideri, T\u00fcrkmenistany\u0148 Halk Maslahatyny\u0148 Ba\u015flygy Gahryman Arkadagymyzy\u0148 parasatly ba\u015flangy\u00e7lary, ta\u00fdsyz tagallalary we bim\u00f6\u00e7ber goldawlary esasynda T\u00fcrkmenistanda ynsanperwer ugurda \u00e4girt uly i\u015fler amala a\u015fyryl\u00fdar. Bu ugurda eneligi we \u00e7agalygy goramagy\u0148 netijeli ulgamy d\u00f6redilip, \u00fda\u015f nesli\u0148 sazla\u015fykly \u00f6s\u00fc\u015fini \u00fcpj\u00fcn etmek, saglygyny berkitmek bo\u00fdun\u00e7a d\u00f6wlet maksatnamalary \u00fcst\u00fcnlikli durmu\u015fa ge\u00e7iril\u00fd\u00e4r. Bu asylly \u00fd\u00f6relgeden ugur alyp, Gurbanguly [&hellip;]<\/p>\n","protected":false},"author":2,"featured_media":113752,"comment_status":"open","ping_status":"closed","sticky":false,"template":"","format":"standard","meta":{"footnotes":""},"categories":[3],"tags":[],"acf":[],"_links":{"self":[{"href":"https:\/\/zamanturkmenistan.com.tm\/index.php?rest_route=\/wp\/v2\/posts\/130013"}],"collection":[{"href":"https:\/\/zamanturkmenistan.com.tm\/index.php?rest_route=\/wp\/v2\/posts"}],"about":[{"href":"https:\/\/zamanturkmenistan.com.tm\/index.php?rest_route=\/wp\/v2\/types\/post"}],"author":[{"embeddable":true,"href":"https:\/\/zamanturkmenistan.com.tm\/index.php?rest_route=\/wp\/v2\/users\/2"}],"replies":[{"embeddable":true,"href":"https:\/\/zamanturkmenistan.com.tm\/index.php?rest_route=%2Fwp%2Fv2%2Fcomments&post=130013"}],"version-history":[{"count":2,"href":"https:\/\/zamanturkmenistan.com.tm\/index.php?rest_route=\/wp\/v2\/posts\/130013\/revisions"}],"predecessor-version":[{"id":130016,"href":"https:\/\/zamanturkmenistan.com.tm\/index.php?rest_route=\/wp\/v2\/posts\/130013\/revisions\/130016"}],"wp:featuredmedia":[{"embeddable":true,"href":"https:\/\/zamanturkmenistan.com.tm\/index.php?rest_route=\/wp\/v2\/media\/113752"}],"wp:attachment":[{"href":"https:\/\/zamanturkmenistan.com.tm\/index.php?rest_route=%2Fwp%2Fv2%2Fmedia&parent=130013"}],"wp:term":[{"taxonomy":"category","embeddable":true,"href":"https:\/\/zamanturkmenistan.com.tm\/index.php?rest_route=%2Fwp%2Fv2%2Fcategories&post=130013"},{"taxonomy":"post_tag","embeddable":true,"href":"https:\/\/zamanturkmenistan.com.tm\/index.php?rest_route=%2Fwp%2Fv2%2Ftags&post=130013"}],"curies":[{"name":"wp","href":"https:\/\/api.w.org\/{rel}","templated":true}]}}