{"id":130023,"date":"2025-03-24T09:47:56","date_gmt":"2025-03-24T04:47:56","guid":{"rendered":"https:\/\/zamanturkmenistan.com.tm\/?p=130023"},"modified":"2025-03-24T11:08:12","modified_gmt":"2025-03-24T06:08:12","slug":"asyrlaryn-jummusinden-seslenip-nowruz-gelyar-ak-gullere-beslenip","status":"publish","type":"post","link":"https:\/\/zamanturkmenistan.com.tm\/?p=130023","title":{"rendered":"Asyrlary\u0148 j\u00fcmm\u00fc\u015finden seslenip, Nowruz gel\u00fd\u00e4r ak g\u00fcllere beslenip"},"content":{"rendered":"<p>YUNESKO-ny\u0148 maddy d\u00e4l medeni mirasyny\u0148 sanawyna girizilen Halkara Nowruz g\u00fcn\u00fcni\u0148 ba\u00fdram\u00e7ylyk \u00e7\u00e4releri \u00fdurdumyzy\u0148 \u00e7ar k\u00fcnjegini gur\u015fap aldy. K\u00f6ne\u00fcrgen\u00e7 etrabyny\u0148 Medeni\u00fdet \u00f6\u00fd\u00fcnde ge\u00e7irilen konsert hem Halkara Nowruz g\u00fcn\u00fcne bagy\u015flandy. \u201cAsyrlary\u0148 j\u00fcmm\u00fc\u015finden seslenip, Nowruz gel\u00fd\u00e4r ak g\u00fcllere beslenip\u201d ady bilen ge\u00e7irilen konserti K\u00f6ne\u00fcrgen\u00e7 etrap h\u00e4kimligi, jemgy\u00fdet\u00e7ilik guramalary, medeni\u00fdet b\u00f6l\u00fcmi bilelikde guradylar. Konserde edara-k\u00e4rhanalarda z\u00e4hmet \u00e7ek\u00fd\u00e4n bagty\u00fdar halkymyz uly ruhubelentlikde gatna\u015fdylar. Konserti\u0148 ge\u00e7irilen \u00fderini\u0148 g\u00f6k ma\u00fdsalar, k\u00f6p \u00f6w\u00fc\u015fg\u00fcnli g\u00fcller we milliligimizi \u015f\u00f6hlelendir\u00fd\u00e4n be\u00fdleki sergiler bilen bezelmegi bu \u00fdere \u00fdygnananlarda ruhubelentlik du\u00fdgularyny d\u00f6retdi. Konserti\u0148 dowamynda etrabymyzy\u0148 tanymal a\u00fddym\u00e7ylary Perman Babajanow, Merdan Aknury\u00fdew, Magsat Meredow, Geldimyrat Soltanmyradow, Arzyg\u00fcl Du\u015femowa, Jeren Amanowa dagyny\u0148 \u00fderine \u00fdetirmeginde a\u00fddym-sazly \u00e7yky\u015flar di\u00fdse\u0148 \u015fatlyk-\u015fowhuna beslendi. Olar \u00f6zlerini\u0148 mahmal owazly a\u00fddym-sazly \u00e7yky\u015flarynda \u00fdurdumyzy\u0148 bedew batly \u00f6s\u00fc\u015flerini, ata Watanmyzy\u0148 d\u00fcn\u00fd\u00e4 \u00fd\u00fczind\u00e4ki at-abra\u00fdny, nowruz ba\u00fdramyny, hormatly Prezidentimizi\u0148 d\u00f6wletli i\u015flerini wasp etdiler. Uzak wagtlap dowam eden \u00e7\u00e4re bu \u00fdere \u00fdygnanlara ruhy lezzet pa\u00fdlap, asuda parahat \u00fdurdumyza bolan s\u00f6\u00fdg\u00fcsini has-da artdyrdy.<\/p>\n<p style=\"text-align: right;\"><strong>G\u00fclhumar HOJAHMETOWA, T\u00fcrkmenistany\u0148 K\u00e4rde\u015fler arkala\u015fyklaryny\u0148 K\u00f6ne\u00fcrgen\u00e7 etrap birle\u015fmesini\u0148 esasy h\u00fcn\u00e4rmeni.<\/strong><\/p>\n","protected":false},"excerpt":{"rendered":"<p>YUNESKO-ny\u0148 maddy d\u00e4l medeni mirasyny\u0148 sanawyna girizilen Halkara Nowruz g\u00fcn\u00fcni\u0148 ba\u00fdram\u00e7ylyk \u00e7\u00e4releri \u00fdurdumyzy\u0148 \u00e7ar k\u00fcnjegini gur\u015fap aldy. K\u00f6ne\u00fcrgen\u00e7 etrabyny\u0148 Medeni\u00fdet \u00f6\u00fd\u00fcnde ge\u00e7irilen konsert hem Halkara Nowruz g\u00fcn\u00fcne bagy\u015flandy. \u201cAsyrlary\u0148 j\u00fcmm\u00fc\u015finden seslenip, Nowruz gel\u00fd\u00e4r ak g\u00fcllere beslenip\u201d ady bilen ge\u00e7irilen konserti K\u00f6ne\u00fcrgen\u00e7 etrap h\u00e4kimligi, jemgy\u00fdet\u00e7ilik guramalary, medeni\u00fdet b\u00f6l\u00fcmi bilelikde guradylar. Konserde edara-k\u00e4rhanalarda z\u00e4hmet \u00e7ek\u00fd\u00e4n bagty\u00fdar halkymyz [&hellip;]<\/p>\n","protected":false},"author":2,"featured_media":130024,"comment_status":"open","ping_status":"closed","sticky":false,"template":"","format":"standard","meta":{"footnotes":""},"categories":[3],"tags":[],"acf":[],"_links":{"self":[{"href":"https:\/\/zamanturkmenistan.com.tm\/index.php?rest_route=\/wp\/v2\/posts\/130023"}],"collection":[{"href":"https:\/\/zamanturkmenistan.com.tm\/index.php?rest_route=\/wp\/v2\/posts"}],"about":[{"href":"https:\/\/zamanturkmenistan.com.tm\/index.php?rest_route=\/wp\/v2\/types\/post"}],"author":[{"embeddable":true,"href":"https:\/\/zamanturkmenistan.com.tm\/index.php?rest_route=\/wp\/v2\/users\/2"}],"replies":[{"embeddable":true,"href":"https:\/\/zamanturkmenistan.com.tm\/index.php?rest_route=%2Fwp%2Fv2%2Fcomments&post=130023"}],"version-history":[{"count":2,"href":"https:\/\/zamanturkmenistan.com.tm\/index.php?rest_route=\/wp\/v2\/posts\/130023\/revisions"}],"predecessor-version":[{"id":130026,"href":"https:\/\/zamanturkmenistan.com.tm\/index.php?rest_route=\/wp\/v2\/posts\/130023\/revisions\/130026"}],"wp:featuredmedia":[{"embeddable":true,"href":"https:\/\/zamanturkmenistan.com.tm\/index.php?rest_route=\/wp\/v2\/media\/130024"}],"wp:attachment":[{"href":"https:\/\/zamanturkmenistan.com.tm\/index.php?rest_route=%2Fwp%2Fv2%2Fmedia&parent=130023"}],"wp:term":[{"taxonomy":"category","embeddable":true,"href":"https:\/\/zamanturkmenistan.com.tm\/index.php?rest_route=%2Fwp%2Fv2%2Fcategories&post=130023"},{"taxonomy":"post_tag","embeddable":true,"href":"https:\/\/zamanturkmenistan.com.tm\/index.php?rest_route=%2Fwp%2Fv2%2Ftags&post=130023"}],"curies":[{"name":"wp","href":"https:\/\/api.w.org\/{rel}","templated":true}]}}