{"id":13004,"date":"2018-03-31T16:08:18","date_gmt":"2018-03-31T11:08:18","guid":{"rendered":"http:\/\/zamanturkmenistan.com\/?p=13004"},"modified":"2018-03-31T16:08:18","modified_gmt":"2018-03-31T11:08:18","slug":"bawariya-cempionlygyn-bosagasynda","status":"publish","type":"post","link":"https:\/\/zamanturkmenistan.com.tm\/?p=13004","title":{"rendered":"\u201cBawari\u00fda\u201d \u00e7empionlygy\u0148 bosagasynda"},"content":{"rendered":"<p>Iki hep\u00adde\u00adlik ara\u00adkes\u00adme\u00adden so\u0148, \u00ddew\u00adro\u00adpa\u00adny\u0148 \u00f6\u0148\u00adde\u00adba\u00adry\u00adjy \u00e7em\u00adpio\u00adnat\u00adla\u00adryn\u00adda no\u00adbat\u00adda tap\u00adgy\u00adry\u0148 du\u00ad\u015fu\u00ad\u015fyk\u00adla\u00adry \u015fu g\u00fcn hem-de er\u00adtir ge\u00ad\u00e7i\u00adri\u00adler. Ger\u00adma\u00adni\u00ad\u00fda\u00adny\u0148 \u201cBun\u00addes\u00adli\u00adga\u00adsyn\u00adda\u201d \u201cBa\u00adwa\u00adri\u00ad\u00fda\u201d \u00f6z me\u00fd\u00addan\u00ad\u00e7a\u00adsyn\u00adda Dort\u00admun\u00addy\u0148 \u201cBo\u00adrus\u00adsi\u00ad\u00fda\u00adsy\u00adny\u201d ka\u00adbul eder. Eger-de bu tap\u00adgyr\u00adda \u201cBa\u00adwa\u00adri\u00ad\u00fda\u201d \u00fde\u00ad\u0148i\u015f ga\u00adzan\u00adsa, 2-nji ha\u00adtar\u00adda\u00adky \u201c\u015eal\u00adke\u201d to\u00adpa\u00adry-da \u201cFra\u00fd\u00adburg\u201d bi\u00adlen bol\u00adjak o\u00fdun\u00adda utuk \u00fdi\u00adtir\u00adse, on\u00adda m\u00fcn\u00adhen\u00adli\u00adler bas\u00adsyr 6-njy, umumylykda-da 28-nji \u00e7empionlygyny yglan eder. Ita\u00adli\u00ad\u00fda\u00adda bol\u00adsa, \u201c\u00ddu\u00adwen\u00adtus\u201d bi\u00adlen \u201cMi\u00adlan\u201d du\u00ad\u015fu\u00ad\u015far. Fran\u00adsi\u00ad\u00fda\u00adda-da PS\u017d bi\u00adlen \u201cMo\u00adna\u00adko\u201d m\u00f6w\u00ads\u00fc\u00admi\u0148 il\u00adkin\u00adji ku\u00adbo\u00adgy ug\u00adrun\u00adda, has ta\u00adky\u00adgy Li\u00adga ku\u00adbo\u00adgy\u00adny\u0148 fi\u00adna\u00adlyn\u00adda \u00f6za\u00adra g\u00fc\u00fd\u00e7 sy\u00adna\u00adny\u00ad\u015far\u00adlar. Ang\u00adli\u00ad\u00fda\u00adda-da Lon\u00addon der\u00adbi\u00adsin\u00adde \u201c\u00c7el\u00adsi\u201d\u2013\u201cTot\u00adten\u00adhem\u201d du\u00ad\u015fu\u00ad\u015fy\u00adgy\u0148 \u00e7e\u00adke\u00adle\u00ad\u015fik\u00adli bol\u00adma\u00adgy\u00adna ga\u00adra\u00ad\u015fyl\u00ad\u00fdar. \u015ee\u00fd\u00adle-de t\u00e4\u00adze hep\u00add\u00e4\u00adni\u0148 3-nji g\u00fc\u00adn\u00fcn\u00adde \u201cSe\u00adrie A-da\u201d gal\u00addy\u00adry\u00adlan 27-nji tap\u00adgy\u00adry\u0148 \u00e7\u00e4k\u00adle\u00adrin\u00adde Mi\u00adlan der\u00adbi\u00adsi \u2013 \u201cDer\u00adby del\u00adla Ma\u00addon\u00adni\u00adna\u201d o\u00fd\u00adna\u00adlar (\u201cMi\u00adlan\u201d\u2013\u201cIn\u00adter\u201d).<br \/>\n\u015ee\u00fdle-de si\u015fenbe, \u00e7ar\u015fenbe we pen\u015fenbe g\u00fcnleri UEFA \u00c7empionlar hem-de \u00ddewropa ligalarynda \u00e7\u00e4r\u00fdek finaly\u0148 1-nji o\u00fdunlary o\u00fdnalar.<\/p>\n","protected":false},"excerpt":{"rendered":"<p>Iki hep\u00adde\u00adlik ara\u00adkes\u00adme\u00adden so\u0148, \u00ddew\u00adro\u00adpa\u00adny\u0148 \u00f6\u0148\u00adde\u00adba\u00adry\u00adjy \u00e7em\u00adpio\u00adnat\u00adla\u00adryn\u00adda no\u00adbat\u00adda tap\u00adgy\u00adry\u0148 du\u00ad\u015fu\u00ad\u015fyk\u00adla\u00adry \u015fu g\u00fcn hem-de er\u00adtir ge\u00ad\u00e7i\u00adri\u00adler. Ger\u00adma\u00adni\u00ad\u00fda\u00adny\u0148 \u201cBun\u00addes\u00adli\u00adga\u00adsyn\u00adda\u201d \u201cBa\u00adwa\u00adri\u00ad\u00fda\u201d \u00f6z me\u00fd\u00addan\u00ad\u00e7a\u00adsyn\u00adda Dort\u00admun\u00addy\u0148 \u201cBo\u00adrus\u00adsi\u00ad\u00fda\u00adsy\u00adny\u201d ka\u00adbul eder. Eger-de bu tap\u00adgyr\u00adda \u201cBa\u00adwa\u00adri\u00ad\u00fda\u201d \u00fde\u00ad\u0148i\u015f ga\u00adzan\u00adsa, 2-nji ha\u00adtar\u00adda\u00adky \u201c\u015eal\u00adke\u201d to\u00adpa\u00adry-da \u201cFra\u00fd\u00adburg\u201d bi\u00adlen bol\u00adjak o\u00fdun\u00adda utuk \u00fdi\u00adtir\u00adse, on\u00adda m\u00fcn\u00adhen\u00adli\u00adler bas\u00adsyr 6-njy, umumylykda-da 28-nji \u00e7empionlygyny yglan eder. Ita\u00adli\u00ad\u00fda\u00adda bol\u00adsa, \u201c\u00ddu\u00adwen\u00adtus\u201d bi\u00adlen \u201cMi\u00adlan\u201d du\u00ad\u015fu\u00ad\u015far. [&hellip;]<\/p>\n","protected":false},"author":1,"featured_media":0,"comment_status":"open","ping_status":"closed","sticky":false,"template":"","format":"standard","meta":{"footnotes":""},"categories":[13],"tags":[],"acf":[],"_links":{"self":[{"href":"https:\/\/zamanturkmenistan.com.tm\/index.php?rest_route=\/wp\/v2\/posts\/13004"}],"collection":[{"href":"https:\/\/zamanturkmenistan.com.tm\/index.php?rest_route=\/wp\/v2\/posts"}],"about":[{"href":"https:\/\/zamanturkmenistan.com.tm\/index.php?rest_route=\/wp\/v2\/types\/post"}],"author":[{"embeddable":true,"href":"https:\/\/zamanturkmenistan.com.tm\/index.php?rest_route=\/wp\/v2\/users\/1"}],"replies":[{"embeddable":true,"href":"https:\/\/zamanturkmenistan.com.tm\/index.php?rest_route=%2Fwp%2Fv2%2Fcomments&post=13004"}],"version-history":[{"count":0,"href":"https:\/\/zamanturkmenistan.com.tm\/index.php?rest_route=\/wp\/v2\/posts\/13004\/revisions"}],"wp:attachment":[{"href":"https:\/\/zamanturkmenistan.com.tm\/index.php?rest_route=%2Fwp%2Fv2%2Fmedia&parent=13004"}],"wp:term":[{"taxonomy":"category","embeddable":true,"href":"https:\/\/zamanturkmenistan.com.tm\/index.php?rest_route=%2Fwp%2Fv2%2Fcategories&post=13004"},{"taxonomy":"post_tag","embeddable":true,"href":"https:\/\/zamanturkmenistan.com.tm\/index.php?rest_route=%2Fwp%2Fv2%2Ftags&post=13004"}],"curies":[{"name":"wp","href":"https:\/\/api.w.org\/{rel}","templated":true}]}}